{"id":8144,"date":"2026-01-22T14:18:12","date_gmt":"2026-01-22T17:18:12","guid":{"rendered":"https:\/\/www.abgd.com.br\/portal\/?p=8144"},"modified":"2026-01-22T14:18:12","modified_gmt":"2026-01-22T17:18:12","slug":"carlos-evangelista-anuncia-saida-da-presidencia-da-abgd","status":"publish","type":"post","link":"https:\/\/www.abgd.com.br\/portal\/carlos-evangelista-anuncia-saida-da-presidencia-da-abgd\/","title":{"rendered":"Carlos Evangelista anuncia sua decis\u00e3o  de deixar a presid\u00eancia executiva da ABGD"},"content":{"rendered":"<table class=\" alignleft\" style=\"height: 1061px;\" width=\"1079\">\n<tbody>\n<tr>\n<td><em>Novo presidente da Associa\u00e7\u00e3o ser\u00e1 anunciado em breve<\/em><\/td>\n<\/tr>\n<tr>\n<td>Ao completar uma d\u00e9cada de lideran\u00e7a \u00e0 frente da Associa\u00e7\u00e3o Brasileira de Gera\u00e7\u00e3o Distribu\u00edda (ABGD), Carlos Evangelista comunica a decis\u00e3o de encerrar seu ciclo como presidente executivo da entidade, encerrando uma fase marcada por intensa atua\u00e7\u00e3o institucional, consolida\u00e7\u00e3o do setor e fortalecimento da gera\u00e7\u00e3o distribu\u00edda no Brasil.<\/p>\n<p>&nbsp;<\/p>\n<p>Fundador da ABGD, Evangelista esteve \u00e0 frente da associa\u00e7\u00e3o desde sua cria\u00e7\u00e3o, em 2015, per\u00edodo em que a gera\u00e7\u00e3o distribu\u00edda passou de um tema perif\u00e9rico no setor el\u00e9trico para uma agenda estrat\u00e9gica nacional. Sob sua lideran\u00e7a, a ABGD tornou-se uma das associa\u00e7\u00f5es mais relevantes do setor el\u00e9trico brasileiro, com reconhecimento junto ao Congresso Nacional, \u00f3rg\u00e3os reguladores, Poder Executivo, associa\u00e7\u00f5es do setor, academia e imprensa especializada.<\/p>\n<p>&nbsp;<\/p>\n<p>Durante esse per\u00edodo, a entidade teve papel ativo nos principais debates regulat\u00f3rios do pa\u00eds, contribuindo de forma t\u00e9cnica e institucional para a constru\u00e7\u00e3o do marco legal da gera\u00e7\u00e3o distribu\u00edda, materializado na Lei n\u00ba 14.300\/2022. A ABGD tamb\u00e9m se destacou pela produ\u00e7\u00e3o de estudos independentes amplamente acess\u00edveis \u00e0 sociedade, pela defesa consistente da distin\u00e7\u00e3o entre incentivos e subs\u00eddios e pela representa\u00e7\u00e3o de milhares de empresas, profissionais e consumidores.<\/p>\n<p>&nbsp;<\/p>\n<p>Os resultados do setor refletem esse ambiente constru\u00eddo ao longo da \u00faltima d\u00e9cada: mais de 44 GW de pot\u00eancia instalada, cerca de 3,9 milh\u00f5es de sistemas em opera\u00e7\u00e3o e aproximadamente 21 milh\u00f5es de brasileiros beneficiados pela gera\u00e7\u00e3o distribu\u00edda, consolidando o segmento como vetor de desenvolvimento econ\u00f4mico, inclus\u00e3o social, seguran\u00e7a energ\u00e9tica e inova\u00e7\u00e3o tecnol\u00f3gica. (fonte: PowerBI da ANEEL)<\/p>\n<p>&nbsp;<\/p>\n<p>Ao anunciar sua sa\u00edda, Evangelista ressaltou o car\u00e1ter coletivo dessa trajet\u00f3ria. \u201cNada do que foi constru\u00eddo \u00e9 obra individual. A ABGD \u00e9 resultado do trabalho conjunto de conselheiros, diretores, associados, equipes t\u00e9cnicas, parceiros institucionais e colaboradores que compartilharam a mesma vis\u00e3o ao longo desses dez anos\u201d, afirmou.<\/p>\n<p>&nbsp;<\/p>\n<p>Segundo ele, a decis\u00e3o reflete o entendimento de que toda institui\u00e7\u00e3o s\u00f3lida deve ser maior do que qualquer mandato. \u201c\u00c9 o momento natural de transi\u00e7\u00e3o, com serenidade, senso de miss\u00e3o cumprida e confian\u00e7a de que a ABGD seguir\u00e1 cumprindo seu papel com relev\u00e2ncia e responsabilidade\u201d, destacou.<\/p>\n<p>&nbsp;<\/p>\n<p>Carlos Evangelista continuar\u00e1 acompanhando o setor com interesse e respeito, dedicando-se a novos desafios profissionais e a projetos alinhados \u00e0 inova\u00e7\u00e3o, \u00e0 iniciativa privada e ao futuro da transi\u00e7\u00e3o energ\u00e9tica no Brasil.<\/p>\n<p>&nbsp;<\/p>\n<p>A ABGD dar\u00e1 sequ\u00eancia \u00e0s suas atividades institucionais normalmente, mantendo seu compromisso com a defesa t\u00e9cnica, econ\u00f4mica e regulat\u00f3ria da gera\u00e7\u00e3o distribu\u00edda e com o fortalecimento de um sistema el\u00e9trico mais moderno, resiliente e descentralizado.<\/td>\n<\/tr>\n<\/tbody>\n<\/table>\n","protected":false},"excerpt":{"rendered":"<p>Novo presidente da Associa\u00e7\u00e3o ser\u00e1 anunciado em breve Ao completar uma d\u00e9cada de lideran\u00e7a \u00e0 frente da Associa\u00e7\u00e3o Brasileira de Gera\u00e7\u00e3o Distribu\u00edda (ABGD), Carlos Evangelista comunica a decis\u00e3o de encerrar seu ciclo como presidente executivo da entidade, encerrando uma fase marcada por intensa atua\u00e7\u00e3o institucional, consolida\u00e7\u00e3o do setor e fortalecimento da gera\u00e7\u00e3o distribu\u00edda no Brasil. [&hellip;]<\/p>\n","protected":false},"author":3,"featured_media":8145,"comment_status":"open","ping_status":"open","sticky":false,"template":"","format":"standard","meta":{"_acf_changed":false,"_monsterinsights_skip_tracking":false,"_monsterinsights_sitenote_active":false,"_monsterinsights_sitenote_note":"","_monsterinsights_sitenote_category":0,"footnotes":""},"categories":[6,7],"tags":[],"class_list":["post-8144","post","type-post","status-publish","format-standard","has-post-thumbnail","hentry","category-noticias","category-publicacoes"],"acf":[],"yoast_head":"<!-- This site is optimized with the Yoast SEO plugin v27.2 - https:\/\/yoast.com\/product\/yoast-seo-wordpress\/ -->\n<title>Carlos Evangelista anuncia sa\u00edda da presid\u00eancia da ABGD- ABGD<\/title>\n<meta name=\"description\" content=\"Ao completar uma d\u00e9cada de lideran\u00e7a \u00e0 frente da Associa\u00e7\u00e3o Brasileira de Gera\u00e7\u00e3o Distribu\u00edda (ABGD), Carlos Evangelista comunica a decis\u00e3o de encerrar seu ciclo como presidente executivo da entidade.\" \/>\n<meta name=\"robots\" content=\"index, follow, max-snippet:-1, max-image-preview:large, max-video-preview:-1\" \/>\n<link rel=\"canonical\" href=\"https:\/\/www.abgd.com.br\/portal\/carlos-evangelista-anuncia-saida-da-presidencia-da-abgd\/\" \/>\n<meta property=\"og:locale\" content=\"pt_BR\" \/>\n<meta property=\"og:type\" content=\"article\" \/>\n<meta property=\"og:title\" content=\"Carlos Evangelista anuncia sa\u00edda da presid\u00eancia da ABGD- ABGD\" \/>\n<meta property=\"og:description\" content=\"Ao completar uma d\u00e9cada de lideran\u00e7a \u00e0 frente da Associa\u00e7\u00e3o Brasileira de Gera\u00e7\u00e3o Distribu\u00edda (ABGD), Carlos Evangelista comunica a decis\u00e3o de encerrar seu ciclo como presidente executivo da entidade.\" \/>\n<meta property=\"og:url\" content=\"https:\/\/www.abgd.com.br\/portal\/carlos-evangelista-anuncia-saida-da-presidencia-da-abgd\/\" \/>\n<meta property=\"og:site_name\" content=\"ABGD\" \/>\n<meta property=\"article:publisher\" content=\"https:\/\/www.facebook.com\/Abgdbrasil\" \/>\n<meta property=\"article:published_time\" content=\"2026-01-22T17:18:12+00:00\" \/>\n<meta property=\"og:image\" content=\"https:\/\/www.abgd.com.br\/portal\/wp-content\/uploads\/2026\/01\/carlos-abgd-e1769102249104.jpeg\" \/>\n\t<meta property=\"og:image:width\" content=\"1067\" \/>\n\t<meta property=\"og:image:height\" content=\"1060\" \/>\n\t<meta property=\"og:image:type\" content=\"image\/jpeg\" \/>\n<meta name=\"author\" content=\"pedro\" \/>\n<meta name=\"twitter:card\" content=\"summary_large_image\" \/>\n<meta name=\"twitter:label1\" content=\"Escrito por\" \/>\n\t<meta name=\"twitter:data1\" content=\"pedro\" \/>\n\t<meta name=\"twitter:label2\" content=\"Est. tempo de leitura\" \/>\n\t<meta name=\"twitter:data2\" content=\"3 minutos\" \/>\n<script type=\"application\/ld+json\" class=\"yoast-schema-graph\">{\"@context\":\"https:\/\/schema.org\",\"@graph\":[{\"@type\":\"Article\",\"@id\":\"https:\/\/www.abgd.com.br\/portal\/carlos-evangelista-anuncia-saida-da-presidencia-da-abgd\/#article\",\"isPartOf\":{\"@id\":\"https:\/\/www.abgd.com.br\/portal\/carlos-evangelista-anuncia-saida-da-presidencia-da-abgd\/\"},\"author\":{\"name\":\"pedro\",\"@id\":\"https:\/\/www.abgd.com.br\/portal\/#\/schema\/person\/da1d797e2aea460e90a309f898902aac\"},\"headline\":\"Carlos Evangelista anuncia sua decis\u00e3o de deixar a presid\u00eancia executiva da ABGD\",\"datePublished\":\"2026-01-22T17:18:12+00:00\",\"mainEntityOfPage\":{\"@id\":\"https:\/\/www.abgd.com.br\/portal\/carlos-evangelista-anuncia-saida-da-presidencia-da-abgd\/\"},\"wordCount\":486,\"commentCount\":0,\"publisher\":{\"@id\":\"https:\/\/www.abgd.com.br\/portal\/#organization\"},\"image\":{\"@id\":\"https:\/\/www.abgd.com.br\/portal\/carlos-evangelista-anuncia-saida-da-presidencia-da-abgd\/#primaryimage\"},\"thumbnailUrl\":\"https:\/\/www.abgd.com.br\/portal\/wp-content\/uploads\/2026\/01\/carlos-abgd-e1769102249104.jpeg\",\"articleSection\":[\"Not\u00edcias\",\"Publica\u00e7\u00f5es\"],\"inLanguage\":\"pt-BR\",\"potentialAction\":[{\"@type\":\"CommentAction\",\"name\":\"Comment\",\"target\":[\"https:\/\/www.abgd.com.br\/portal\/carlos-evangelista-anuncia-saida-da-presidencia-da-abgd\/#respond\"]}]},{\"@type\":\"WebPage\",\"@id\":\"https:\/\/www.abgd.com.br\/portal\/carlos-evangelista-anuncia-saida-da-presidencia-da-abgd\/\",\"url\":\"https:\/\/www.abgd.com.br\/portal\/carlos-evangelista-anuncia-saida-da-presidencia-da-abgd\/\",\"name\":\"Carlos Evangelista anuncia sa\u00edda da presid\u00eancia da ABGD- ABGD\",\"isPartOf\":{\"@id\":\"https:\/\/www.abgd.com.br\/portal\/#website\"},\"primaryImageOfPage\":{\"@id\":\"https:\/\/www.abgd.com.br\/portal\/carlos-evangelista-anuncia-saida-da-presidencia-da-abgd\/#primaryimage\"},\"image\":{\"@id\":\"https:\/\/www.abgd.com.br\/portal\/carlos-evangelista-anuncia-saida-da-presidencia-da-abgd\/#primaryimage\"},\"thumbnailUrl\":\"https:\/\/www.abgd.com.br\/portal\/wp-content\/uploads\/2026\/01\/carlos-abgd-e1769102249104.jpeg\",\"datePublished\":\"2026-01-22T17:18:12+00:00\",\"description\":\"Ao completar uma d\u00e9cada de lideran\u00e7a \u00e0 frente da Associa\u00e7\u00e3o Brasileira de Gera\u00e7\u00e3o Distribu\u00edda (ABGD), Carlos Evangelista comunica a decis\u00e3o de encerrar seu ciclo como presidente executivo da entidade.\",\"breadcrumb\":{\"@id\":\"https:\/\/www.abgd.com.br\/portal\/carlos-evangelista-anuncia-saida-da-presidencia-da-abgd\/#breadcrumb\"},\"inLanguage\":\"pt-BR\",\"potentialAction\":[{\"@type\":\"ReadAction\",\"target\":[\"https:\/\/www.abgd.com.br\/portal\/carlos-evangelista-anuncia-saida-da-presidencia-da-abgd\/\"]}]},{\"@type\":\"ImageObject\",\"inLanguage\":\"pt-BR\",\"@id\":\"https:\/\/www.abgd.com.br\/portal\/carlos-evangelista-anuncia-saida-da-presidencia-da-abgd\/#primaryimage\",\"url\":\"https:\/\/www.abgd.com.br\/portal\/wp-content\/uploads\/2026\/01\/carlos-abgd-e1769102249104.jpeg\",\"contentUrl\":\"https:\/\/www.abgd.com.br\/portal\/wp-content\/uploads\/2026\/01\/carlos-abgd-e1769102249104.jpeg\",\"width\":1067,\"height\":1060},{\"@type\":\"BreadcrumbList\",\"@id\":\"https:\/\/www.abgd.com.br\/portal\/carlos-evangelista-anuncia-saida-da-presidencia-da-abgd\/#breadcrumb\",\"itemListElement\":[{\"@type\":\"ListItem\",\"position\":1,\"name\":\"In\u00edcio\",\"item\":\"https:\/\/www.abgd.com.br\/portal\/\"},{\"@type\":\"ListItem\",\"position\":2,\"name\":\"Carlos Evangelista anuncia sua decis\u00e3o de deixar a presid\u00eancia executiva da ABGD\"}]},{\"@type\":\"WebSite\",\"@id\":\"https:\/\/www.abgd.com.br\/portal\/#website\",\"url\":\"https:\/\/www.abgd.com.br\/portal\/\",\"name\":\"ABGD\",\"description\":\"\",\"publisher\":{\"@id\":\"https:\/\/www.abgd.com.br\/portal\/#organization\"},\"potentialAction\":[{\"@type\":\"SearchAction\",\"target\":{\"@type\":\"EntryPoint\",\"urlTemplate\":\"https:\/\/www.abgd.com.br\/portal\/?s={search_term_string}\"},\"query-input\":{\"@type\":\"PropertyValueSpecification\",\"valueRequired\":true,\"valueName\":\"search_term_string\"}}],\"inLanguage\":\"pt-BR\"},{\"@type\":\"Organization\",\"@id\":\"https:\/\/www.abgd.com.br\/portal\/#organization\",\"name\":\"ABGD\",\"url\":\"https:\/\/www.abgd.com.br\/portal\/\",\"logo\":{\"@type\":\"ImageObject\",\"inLanguage\":\"pt-BR\",\"@id\":\"https:\/\/www.abgd.com.br\/portal\/#\/schema\/logo\/image\/\",\"url\":\"https:\/\/www.abgd.com.br\/portal\/wp-content\/uploads\/2025\/09\/ABGD-AZUL.webp\",\"contentUrl\":\"https:\/\/www.abgd.com.br\/portal\/wp-content\/uploads\/2025\/09\/ABGD-AZUL.webp\",\"width\":641,\"height\":219,\"caption\":\"ABGD\"},\"image\":{\"@id\":\"https:\/\/www.abgd.com.br\/portal\/#\/schema\/logo\/image\/\"},\"sameAs\":[\"https:\/\/www.facebook.com\/Abgdbrasil\",\"https:\/\/www.instagram.com\/abgd_oficial\/\",\"https:\/\/www.linkedin.com\/company\/abgd\/\",\"https:\/\/www.youtube.com\/@ABGDoficial\"]},{\"@type\":\"Person\",\"@id\":\"https:\/\/www.abgd.com.br\/portal\/#\/schema\/person\/da1d797e2aea460e90a309f898902aac\",\"name\":\"pedro\",\"image\":{\"@type\":\"ImageObject\",\"inLanguage\":\"pt-BR\",\"@id\":\"https:\/\/secure.gravatar.com\/avatar\/95c4b5af4fdfeaa02608f6b17b338802d86f9b6c1052879b403677f29f36c502?s=96&d=mm&r=g\",\"url\":\"https:\/\/secure.gravatar.com\/avatar\/95c4b5af4fdfeaa02608f6b17b338802d86f9b6c1052879b403677f29f36c502?s=96&d=mm&r=g\",\"contentUrl\":\"https:\/\/secure.gravatar.com\/avatar\/95c4b5af4fdfeaa02608f6b17b338802d86f9b6c1052879b403677f29f36c502?s=96&d=mm&r=g\",\"caption\":\"pedro\"},\"url\":\"https:\/\/www.abgd.com.br\/portal\/author\/pedro\/\"}]}<\/script>\n<!-- \/ Yoast SEO plugin. -->","yoast_head_json":{"title":"Carlos Evangelista anuncia sa\u00edda da presid\u00eancia da ABGD- ABGD","description":"Ao completar uma d\u00e9cada de lideran\u00e7a \u00e0 frente da Associa\u00e7\u00e3o Brasileira de Gera\u00e7\u00e3o Distribu\u00edda (ABGD), Carlos Evangelista comunica a decis\u00e3o de encerrar seu ciclo como presidente executivo da entidade.","robots":{"index":"index","follow":"follow","max-snippet":"max-snippet:-1","max-image-preview":"max-image-preview:large","max-video-preview":"max-video-preview:-1"},"canonical":"https:\/\/www.abgd.com.br\/portal\/carlos-evangelista-anuncia-saida-da-presidencia-da-abgd\/","og_locale":"pt_BR","og_type":"article","og_title":"Carlos Evangelista anuncia sa\u00edda da presid\u00eancia da ABGD- ABGD","og_description":"Ao completar uma d\u00e9cada de lideran\u00e7a \u00e0 frente da Associa\u00e7\u00e3o Brasileira de Gera\u00e7\u00e3o Distribu\u00edda (ABGD), Carlos Evangelista comunica a decis\u00e3o de encerrar seu ciclo como presidente executivo da entidade.","og_url":"https:\/\/www.abgd.com.br\/portal\/carlos-evangelista-anuncia-saida-da-presidencia-da-abgd\/","og_site_name":"ABGD","article_publisher":"https:\/\/www.facebook.com\/Abgdbrasil","article_published_time":"2026-01-22T17:18:12+00:00","og_image":[{"width":1067,"height":1060,"url":"https:\/\/www.abgd.com.br\/portal\/wp-content\/uploads\/2026\/01\/carlos-abgd-e1769102249104.jpeg","type":"image\/jpeg"}],"author":"pedro","twitter_card":"summary_large_image","twitter_misc":{"Escrito por":"pedro","Est. tempo de leitura":"3 minutos"},"schema":{"@context":"https:\/\/schema.org","@graph":[{"@type":"Article","@id":"https:\/\/www.abgd.com.br\/portal\/carlos-evangelista-anuncia-saida-da-presidencia-da-abgd\/#article","isPartOf":{"@id":"https:\/\/www.abgd.com.br\/portal\/carlos-evangelista-anuncia-saida-da-presidencia-da-abgd\/"},"author":{"name":"pedro","@id":"https:\/\/www.abgd.com.br\/portal\/#\/schema\/person\/da1d797e2aea460e90a309f898902aac"},"headline":"Carlos Evangelista anuncia sua decis\u00e3o de deixar a presid\u00eancia executiva da ABGD","datePublished":"2026-01-22T17:18:12+00:00","mainEntityOfPage":{"@id":"https:\/\/www.abgd.com.br\/portal\/carlos-evangelista-anuncia-saida-da-presidencia-da-abgd\/"},"wordCount":486,"commentCount":0,"publisher":{"@id":"https:\/\/www.abgd.com.br\/portal\/#organization"},"image":{"@id":"https:\/\/www.abgd.com.br\/portal\/carlos-evangelista-anuncia-saida-da-presidencia-da-abgd\/#primaryimage"},"thumbnailUrl":"https:\/\/www.abgd.com.br\/portal\/wp-content\/uploads\/2026\/01\/carlos-abgd-e1769102249104.jpeg","articleSection":["Not\u00edcias","Publica\u00e7\u00f5es"],"inLanguage":"pt-BR","potentialAction":[{"@type":"CommentAction","name":"Comment","target":["https:\/\/www.abgd.com.br\/portal\/carlos-evangelista-anuncia-saida-da-presidencia-da-abgd\/#respond"]}]},{"@type":"WebPage","@id":"https:\/\/www.abgd.com.br\/portal\/carlos-evangelista-anuncia-saida-da-presidencia-da-abgd\/","url":"https:\/\/www.abgd.com.br\/portal\/carlos-evangelista-anuncia-saida-da-presidencia-da-abgd\/","name":"Carlos Evangelista anuncia sa\u00edda da presid\u00eancia da ABGD- ABGD","isPartOf":{"@id":"https:\/\/www.abgd.com.br\/portal\/#website"},"primaryImageOfPage":{"@id":"https:\/\/www.abgd.com.br\/portal\/carlos-evangelista-anuncia-saida-da-presidencia-da-abgd\/#primaryimage"},"image":{"@id":"https:\/\/www.abgd.com.br\/portal\/carlos-evangelista-anuncia-saida-da-presidencia-da-abgd\/#primaryimage"},"thumbnailUrl":"https:\/\/www.abgd.com.br\/portal\/wp-content\/uploads\/2026\/01\/carlos-abgd-e1769102249104.jpeg","datePublished":"2026-01-22T17:18:12+00:00","description":"Ao completar uma d\u00e9cada de lideran\u00e7a \u00e0 frente da Associa\u00e7\u00e3o Brasileira de Gera\u00e7\u00e3o Distribu\u00edda (ABGD), Carlos Evangelista comunica a decis\u00e3o de encerrar seu ciclo como presidente executivo da entidade.","breadcrumb":{"@id":"https:\/\/www.abgd.com.br\/portal\/carlos-evangelista-anuncia-saida-da-presidencia-da-abgd\/#breadcrumb"},"inLanguage":"pt-BR","potentialAction":[{"@type":"ReadAction","target":["https:\/\/www.abgd.com.br\/portal\/carlos-evangelista-anuncia-saida-da-presidencia-da-abgd\/"]}]},{"@type":"ImageObject","inLanguage":"pt-BR","@id":"https:\/\/www.abgd.com.br\/portal\/carlos-evangelista-anuncia-saida-da-presidencia-da-abgd\/#primaryimage","url":"https:\/\/www.abgd.com.br\/portal\/wp-content\/uploads\/2026\/01\/carlos-abgd-e1769102249104.jpeg","contentUrl":"https:\/\/www.abgd.com.br\/portal\/wp-content\/uploads\/2026\/01\/carlos-abgd-e1769102249104.jpeg","width":1067,"height":1060},{"@type":"BreadcrumbList","@id":"https:\/\/www.abgd.com.br\/portal\/carlos-evangelista-anuncia-saida-da-presidencia-da-abgd\/#breadcrumb","itemListElement":[{"@type":"ListItem","position":1,"name":"In\u00edcio","item":"https:\/\/www.abgd.com.br\/portal\/"},{"@type":"ListItem","position":2,"name":"Carlos Evangelista anuncia sua decis\u00e3o de deixar a presid\u00eancia executiva da ABGD"}]},{"@type":"WebSite","@id":"https:\/\/www.abgd.com.br\/portal\/#website","url":"https:\/\/www.abgd.com.br\/portal\/","name":"ABGD","description":"","publisher":{"@id":"https:\/\/www.abgd.com.br\/portal\/#organization"},"potentialAction":[{"@type":"SearchAction","target":{"@type":"EntryPoint","urlTemplate":"https:\/\/www.abgd.com.br\/portal\/?s={search_term_string}"},"query-input":{"@type":"PropertyValueSpecification","valueRequired":true,"valueName":"search_term_string"}}],"inLanguage":"pt-BR"},{"@type":"Organization","@id":"https:\/\/www.abgd.com.br\/portal\/#organization","name":"ABGD","url":"https:\/\/www.abgd.com.br\/portal\/","logo":{"@type":"ImageObject","inLanguage":"pt-BR","@id":"https:\/\/www.abgd.com.br\/portal\/#\/schema\/logo\/image\/","url":"https:\/\/www.abgd.com.br\/portal\/wp-content\/uploads\/2025\/09\/ABGD-AZUL.webp","contentUrl":"https:\/\/www.abgd.com.br\/portal\/wp-content\/uploads\/2025\/09\/ABGD-AZUL.webp","width":641,"height":219,"caption":"ABGD"},"image":{"@id":"https:\/\/www.abgd.com.br\/portal\/#\/schema\/logo\/image\/"},"sameAs":["https:\/\/www.facebook.com\/Abgdbrasil","https:\/\/www.instagram.com\/abgd_oficial\/","https:\/\/www.linkedin.com\/company\/abgd\/","https:\/\/www.youtube.com\/@ABGDoficial"]},{"@type":"Person","@id":"https:\/\/www.abgd.com.br\/portal\/#\/schema\/person\/da1d797e2aea460e90a309f898902aac","name":"pedro","image":{"@type":"ImageObject","inLanguage":"pt-BR","@id":"https:\/\/secure.gravatar.com\/avatar\/95c4b5af4fdfeaa02608f6b17b338802d86f9b6c1052879b403677f29f36c502?s=96&d=mm&r=g","url":"https:\/\/secure.gravatar.com\/avatar\/95c4b5af4fdfeaa02608f6b17b338802d86f9b6c1052879b403677f29f36c502?s=96&d=mm&r=g","contentUrl":"https:\/\/secure.gravatar.com\/avatar\/95c4b5af4fdfeaa02608f6b17b338802d86f9b6c1052879b403677f29f36c502?s=96&d=mm&r=g","caption":"pedro"},"url":"https:\/\/www.abgd.com.br\/portal\/author\/pedro\/"}]}},"_links":{"self":[{"href":"https:\/\/www.abgd.com.br\/portal\/wp-json\/wp\/v2\/posts\/8144","targetHints":{"allow":["GET"]}}],"collection":[{"href":"https:\/\/www.abgd.com.br\/portal\/wp-json\/wp\/v2\/posts"}],"about":[{"href":"https:\/\/www.abgd.com.br\/portal\/wp-json\/wp\/v2\/types\/post"}],"author":[{"embeddable":true,"href":"https:\/\/www.abgd.com.br\/portal\/wp-json\/wp\/v2\/users\/3"}],"replies":[{"embeddable":true,"href":"https:\/\/www.abgd.com.br\/portal\/wp-json\/wp\/v2\/comments?post=8144"}],"version-history":[{"count":2,"href":"https:\/\/www.abgd.com.br\/portal\/wp-json\/wp\/v2\/posts\/8144\/revisions"}],"predecessor-version":[{"id":8147,"href":"https:\/\/www.abgd.com.br\/portal\/wp-json\/wp\/v2\/posts\/8144\/revisions\/8147"}],"wp:featuredmedia":[{"embeddable":true,"href":"https:\/\/www.abgd.com.br\/portal\/wp-json\/wp\/v2\/media\/8145"}],"wp:attachment":[{"href":"https:\/\/www.abgd.com.br\/portal\/wp-json\/wp\/v2\/media?parent=8144"}],"wp:term":[{"taxonomy":"category","embeddable":true,"href":"https:\/\/www.abgd.com.br\/portal\/wp-json\/wp\/v2\/categories?post=8144"},{"taxonomy":"post_tag","embeddable":true,"href":"https:\/\/www.abgd.com.br\/portal\/wp-json\/wp\/v2\/tags?post=8144"}],"curies":[{"name":"wp","href":"https:\/\/api.w.org\/{rel}","templated":true}]}}