{"id":6978,"date":"2025-10-16T14:26:24","date_gmt":"2025-10-16T17:26:24","guid":{"rendered":"https:\/\/www.abgd.com.br\/portal\/?p=6978"},"modified":"2025-10-27T13:29:48","modified_gmt":"2025-10-27T16:29:48","slug":"abgd-promove-evento-gratuito-para-debater-a-amazonia-legal","status":"publish","type":"post","link":"https:\/\/www.abgd.com.br\/portal\/abgd-promove-evento-gratuito-para-debater-a-amazonia-legal\/","title":{"rendered":"ABGD promove debate sobre universaliza\u00e7\u00e3o do acesso \u00e0 energia na Amaz\u00f4nia Legal"},"content":{"rendered":"<h1><strong>Amaz\u00f4nia Legal em foco<\/strong><\/h1>\n<h4><strong><em>Evento reunir\u00e1 especialistas, governo e setor privado para discutir desafios e solu\u00e7\u00f5es para os sistemas isolados na regi\u00e3o<\/em><br \/>\n<\/strong><\/h4>\n<p>A Associa\u00e7\u00e3o Brasileira de Gera\u00e7\u00e3o Distribu\u00edda (ABGD) promove no dia 20 de outubro de 2025, no Audit\u00f3rio do Instituto de Energia e Ambiente da USP (IEE\/USP), o semin\u00e1rio \u201cUniversalizando o Acesso \u00e0 Energia El\u00e9trica na Amaz\u00f4nia Legal: Desafios e Solu\u00e7\u00f5es para Sistemas Isolados\u201d. O encontro reunir\u00e1 representantes da academia, empresas, \u00f3rg\u00e3os governamentais e do terceiro setor para discutir caminhos que garantam o acesso \u00e0 energia limpa, confi\u00e1vel e acess\u00edvel para comunidades isoladas da Amaz\u00f4nia Legal.<\/p>\n<p>O acesso \u00e0 energia el\u00e9trica \u00e9 um dos maiores desafios para o desenvolvimento sustent\u00e1vel da regi\u00e3o, onde a depend\u00eancia de geradores a diesel ainda \u00e9 predominante, gerando altos custos, polui\u00e7\u00e3o e baixa confiabilidade. Em conson\u00e2ncia com o Objetivo de Desenvolvimento Sustent\u00e1vel (ODS) n\u00ba 7 da ONU, que busca assegurar energia limpa e acess\u00edvel a todos, o evento prop\u00f5e discutir solu\u00e7\u00f5es inovadoras e modelos alternativos, com destaque para as microrredes (MIGDIs) como alternativa aos sistemas individuais tradicionais.<\/p>\n<p>Durante o semin\u00e1rio, ser\u00e3o realizados seis paineis que abordar\u00e3o temas como inova\u00e7\u00e3o tecnol\u00f3gica, financiamento de microrredes, modelos de neg\u00f3cios sustent\u00e1veis, capacita\u00e7\u00e3o local e ajustes regulat\u00f3rios necess\u00e1rios para impulsionar a universaliza\u00e7\u00e3o do acesso \u00e0 energia. O encerramento reunir\u00e1 especialistas e formuladores de pol\u00edticas p\u00fablicas para consolidar propostas e encaminhamentos que possam orientar um novo modelo de eletrifica\u00e7\u00e3o para a Amaz\u00f4nia Legal.<\/p>\n<p>O evento conta com o apoio do CLIMARES \u2013 Centro de Pesquisa em Resili\u00eancia a Crises e Desastres Clim\u00e1ticos, do Centro de Pesquisa, Inova\u00e7\u00e3o e Difus\u00e3o (CEPID) financiado pela FAPESP (Processo 2024\/00949-5), e do INCT-DAESF \u2013 Instituto Nacional de Desenvolvimento Cient\u00edfico e Tecnol\u00f3gico de Desenvolvimento das Aplica\u00e7\u00f5es da Energia Solar Fotovoltaica, financiado pelo FNDCT\/CNPq (Processo 408486\/2024-4).<\/p>\n<p>&nbsp;<\/p>\n<p>As inscri\u00e7\u00f5es s\u00e3o gratuitas e devem ser realizadas exclusivamente por e-mail, enviando nome, e-mail e institui\u00e7\u00e3o de v\u00ednculo para comunicacao@iee.usp.br.<\/p>\n<p>Para mais informa\u00e7\u00f5es, <a href=\"https:\/\/www.iee.usp.br\/eventos\/universalizando-o-acesso-a-energia-eletrica-na-amazonia-legal-desafios-e-solucoes-para-sistemas-isolados\/\">clique aqui e acesse<\/a><strong>.<\/strong><\/p>\n<p>&nbsp;<\/p>\n<h3><strong>Servi\u00e7o:<\/strong><\/h3>\n<p>Evento: Universalizando o Acesso \u00e0 Energia El\u00e9trica na Amaz\u00f4nia Legal: Desafios e Solu\u00e7\u00f5es para Sistemas Isolados<br \/>\nData: 20 de outubro de 2025, das 9h \u00e0s 17h<br \/>\nLocal: Audit\u00f3rio do Instituto de Energia e Ambiente da USP \u2013 Av. Prof. Luciano Gualberto, 1289 \u2013 Cidade Universit\u00e1ria, S\u00e3o Paulo<br \/>\nInscri\u00e7\u00f5es: comunicacao@iee.usp.br<\/p>\n<p>&nbsp;<\/p>\n<h3><strong>Sobre a ABGD<\/strong><\/h3>\n<p>A <a href=\"https:\/\/www.abgd.com.br\/portal\/quem-somos\/\"><strong>Associa\u00e7\u00e3o Brasileira de Gera\u00e7\u00e3o Distribu\u00edda (ABGD)<\/strong><\/a> \u00e9 a principal entidade representativa do setor de energias renov\u00e1veis com foco em gera\u00e7\u00e3o distribu\u00edda no Brasil. Fundada em 2015, abrangendo toda a cadeia produtiva de equipamentos e servi\u00e7os do segmento. Atua de forma estrat\u00e9gica na defesa dos interesses do setor junto a \u00f3rg\u00e3os reguladores, institui\u00e7\u00f5es governamentais e sociedade civil, promovendo pol\u00edticas p\u00fablicas, inova\u00e7\u00e3o tecnol\u00f3gica, sustentabilidade ambiental, efici\u00eancia energ\u00e9tica e a democratiza\u00e7\u00e3o do acesso \u00e0 energia limpa. A ABGD tem sido protagonista no avan\u00e7o da gera\u00e7\u00e3o pr\u00f3pria de energia no pa\u00eds, impulsionando o crescimento do mercado e fortalecendo a transi\u00e7\u00e3o energ\u00e9tica brasileira.<\/p>\n<p>&nbsp;<\/p>\n<p><strong>SP4 Comunica\u00e7\u00e3o Corporativa \u2013 Ag\u00eancia de Comunica\u00e7\u00e3o da ABGD<\/strong><\/p>\n<p>Ana Carolina Acocella \u2013 (11) 97880-8608\u2013 ana.acocella@sp4com.com.br<\/p>\n","protected":false},"excerpt":{"rendered":"<p>Amaz\u00f4nia Legal em foco Evento reunir\u00e1 especialistas, governo e setor privado para discutir desafios e solu\u00e7\u00f5es para os sistemas isolados na regi\u00e3o A Associa\u00e7\u00e3o Brasileira de Gera\u00e7\u00e3o Distribu\u00edda (ABGD) promove no dia 20 de outubro de 2025, no Audit\u00f3rio do Instituto de Energia e Ambiente da USP (IEE\/USP), o semin\u00e1rio \u201cUniversalizando o Acesso \u00e0 Energia [&hellip;]<\/p>\n","protected":false},"author":3,"featured_media":7193,"comment_status":"open","ping_status":"open","sticky":false,"template":"","format":"standard","meta":{"_acf_changed":false,"_monsterinsights_skip_tracking":false,"_monsterinsights_sitenote_active":false,"_monsterinsights_sitenote_note":"","_monsterinsights_sitenote_category":0,"footnotes":""},"categories":[4,7],"tags":[],"class_list":["post-6978","post","type-post","status-publish","format-standard","has-post-thumbnail","hentry","category-eventos","category-publicacoes"],"acf":[],"yoast_head":"<!-- This site is optimized with the Yoast SEO plugin v27.2 - https:\/\/yoast.com\/product\/yoast-seo-wordpress\/ -->\n<title>ABGD promove debate sobre a Amaz\u00f4nia Legal em Foco - ABGD<\/title>\n<meta name=\"description\" content=\"Evento reunir\u00e1 especialistas, governo e setor privado para discutir desafios e solu\u00e7\u00f5es para os sistemas isolados na Amaz\u00f4nia Legal.\" \/>\n<meta name=\"robots\" content=\"index, follow, max-snippet:-1, max-image-preview:large, max-video-preview:-1\" \/>\n<link rel=\"canonical\" href=\"https:\/\/www.abgd.com.br\/portal\/abgd-promove-evento-gratuito-para-debater-a-amazonia-legal\/\" \/>\n<meta property=\"og:locale\" content=\"pt_BR\" \/>\n<meta property=\"og:type\" content=\"article\" \/>\n<meta property=\"og:title\" content=\"ABGD promove debate sobre a Amaz\u00f4nia Legal em Foco - ABGD\" \/>\n<meta property=\"og:description\" content=\"Evento reunir\u00e1 especialistas, governo e setor privado para discutir desafios e solu\u00e7\u00f5es para os sistemas isolados na Amaz\u00f4nia Legal.\" \/>\n<meta property=\"og:url\" content=\"https:\/\/www.abgd.com.br\/portal\/abgd-promove-evento-gratuito-para-debater-a-amazonia-legal\/\" \/>\n<meta property=\"og:site_name\" content=\"ABGD\" \/>\n<meta property=\"article:publisher\" content=\"https:\/\/www.facebook.com\/Abgdbrasil\" \/>\n<meta property=\"article:published_time\" content=\"2025-10-16T17:26:24+00:00\" \/>\n<meta property=\"article:modified_time\" content=\"2025-10-27T16:29:48+00:00\" \/>\n<meta property=\"og:image\" content=\"https:\/\/www.abgd.com.br\/portal\/wp-content\/uploads\/2025\/10\/BG-2-LP-ABGD.webp\" \/>\n\t<meta property=\"og:image:width\" content=\"1917\" \/>\n\t<meta property=\"og:image:height\" content=\"1109\" \/>\n\t<meta property=\"og:image:type\" content=\"image\/webp\" \/>\n<meta name=\"author\" content=\"pedro\" \/>\n<meta name=\"twitter:card\" content=\"summary_large_image\" \/>\n<meta name=\"twitter:label1\" content=\"Escrito por\" \/>\n\t<meta name=\"twitter:data1\" content=\"pedro\" \/>\n\t<meta name=\"twitter:label2\" content=\"Est. tempo de leitura\" \/>\n\t<meta name=\"twitter:data2\" content=\"3 minutos\" \/>\n<script type=\"application\/ld+json\" class=\"yoast-schema-graph\">{\"@context\":\"https:\/\/schema.org\",\"@graph\":[{\"@type\":\"Article\",\"@id\":\"https:\/\/www.abgd.com.br\/portal\/abgd-promove-evento-gratuito-para-debater-a-amazonia-legal\/#article\",\"isPartOf\":{\"@id\":\"https:\/\/www.abgd.com.br\/portal\/abgd-promove-evento-gratuito-para-debater-a-amazonia-legal\/\"},\"author\":{\"name\":\"pedro\",\"@id\":\"https:\/\/www.abgd.com.br\/portal\/#\/schema\/person\/da1d797e2aea460e90a309f898902aac\"},\"headline\":\"ABGD promove debate sobre universaliza\u00e7\u00e3o do acesso \u00e0 energia na Amaz\u00f4nia Legal\",\"datePublished\":\"2025-10-16T17:26:24+00:00\",\"dateModified\":\"2025-10-27T16:29:48+00:00\",\"mainEntityOfPage\":{\"@id\":\"https:\/\/www.abgd.com.br\/portal\/abgd-promove-evento-gratuito-para-debater-a-amazonia-legal\/\"},\"wordCount\":577,\"commentCount\":0,\"publisher\":{\"@id\":\"https:\/\/www.abgd.com.br\/portal\/#organization\"},\"image\":{\"@id\":\"https:\/\/www.abgd.com.br\/portal\/abgd-promove-evento-gratuito-para-debater-a-amazonia-legal\/#primaryimage\"},\"thumbnailUrl\":\"https:\/\/www.abgd.com.br\/portal\/wp-content\/uploads\/2025\/10\/BG-2-LP-ABGD.webp\",\"articleSection\":[\"Eventos\",\"Publica\u00e7\u00f5es\"],\"inLanguage\":\"pt-BR\",\"potentialAction\":[{\"@type\":\"CommentAction\",\"name\":\"Comment\",\"target\":[\"https:\/\/www.abgd.com.br\/portal\/abgd-promove-evento-gratuito-para-debater-a-amazonia-legal\/#respond\"]}]},{\"@type\":\"WebPage\",\"@id\":\"https:\/\/www.abgd.com.br\/portal\/abgd-promove-evento-gratuito-para-debater-a-amazonia-legal\/\",\"url\":\"https:\/\/www.abgd.com.br\/portal\/abgd-promove-evento-gratuito-para-debater-a-amazonia-legal\/\",\"name\":\"ABGD promove debate sobre a Amaz\u00f4nia Legal em Foco - ABGD\",\"isPartOf\":{\"@id\":\"https:\/\/www.abgd.com.br\/portal\/#website\"},\"primaryImageOfPage\":{\"@id\":\"https:\/\/www.abgd.com.br\/portal\/abgd-promove-evento-gratuito-para-debater-a-amazonia-legal\/#primaryimage\"},\"image\":{\"@id\":\"https:\/\/www.abgd.com.br\/portal\/abgd-promove-evento-gratuito-para-debater-a-amazonia-legal\/#primaryimage\"},\"thumbnailUrl\":\"https:\/\/www.abgd.com.br\/portal\/wp-content\/uploads\/2025\/10\/BG-2-LP-ABGD.webp\",\"datePublished\":\"2025-10-16T17:26:24+00:00\",\"dateModified\":\"2025-10-27T16:29:48+00:00\",\"description\":\"Evento reunir\u00e1 especialistas, governo e setor privado para discutir desafios e solu\u00e7\u00f5es para os sistemas isolados na Amaz\u00f4nia Legal.\",\"breadcrumb\":{\"@id\":\"https:\/\/www.abgd.com.br\/portal\/abgd-promove-evento-gratuito-para-debater-a-amazonia-legal\/#breadcrumb\"},\"inLanguage\":\"pt-BR\",\"potentialAction\":[{\"@type\":\"ReadAction\",\"target\":[\"https:\/\/www.abgd.com.br\/portal\/abgd-promove-evento-gratuito-para-debater-a-amazonia-legal\/\"]}]},{\"@type\":\"ImageObject\",\"inLanguage\":\"pt-BR\",\"@id\":\"https:\/\/www.abgd.com.br\/portal\/abgd-promove-evento-gratuito-para-debater-a-amazonia-legal\/#primaryimage\",\"url\":\"https:\/\/www.abgd.com.br\/portal\/wp-content\/uploads\/2025\/10\/BG-2-LP-ABGD.webp\",\"contentUrl\":\"https:\/\/www.abgd.com.br\/portal\/wp-content\/uploads\/2025\/10\/BG-2-LP-ABGD.webp\",\"width\":1917,\"height\":1109,\"caption\":\"Amaz\u00f4nia Legal\"},{\"@type\":\"BreadcrumbList\",\"@id\":\"https:\/\/www.abgd.com.br\/portal\/abgd-promove-evento-gratuito-para-debater-a-amazonia-legal\/#breadcrumb\",\"itemListElement\":[{\"@type\":\"ListItem\",\"position\":1,\"name\":\"In\u00edcio\",\"item\":\"https:\/\/www.abgd.com.br\/portal\/\"},{\"@type\":\"ListItem\",\"position\":2,\"name\":\"ABGD promove debate sobre universaliza\u00e7\u00e3o do acesso \u00e0 energia na Amaz\u00f4nia Legal\"}]},{\"@type\":\"WebSite\",\"@id\":\"https:\/\/www.abgd.com.br\/portal\/#website\",\"url\":\"https:\/\/www.abgd.com.br\/portal\/\",\"name\":\"ABGD\",\"description\":\"\",\"publisher\":{\"@id\":\"https:\/\/www.abgd.com.br\/portal\/#organization\"},\"potentialAction\":[{\"@type\":\"SearchAction\",\"target\":{\"@type\":\"EntryPoint\",\"urlTemplate\":\"https:\/\/www.abgd.com.br\/portal\/?s={search_term_string}\"},\"query-input\":{\"@type\":\"PropertyValueSpecification\",\"valueRequired\":true,\"valueName\":\"search_term_string\"}}],\"inLanguage\":\"pt-BR\"},{\"@type\":\"Organization\",\"@id\":\"https:\/\/www.abgd.com.br\/portal\/#organization\",\"name\":\"ABGD\",\"url\":\"https:\/\/www.abgd.com.br\/portal\/\",\"logo\":{\"@type\":\"ImageObject\",\"inLanguage\":\"pt-BR\",\"@id\":\"https:\/\/www.abgd.com.br\/portal\/#\/schema\/logo\/image\/\",\"url\":\"https:\/\/www.abgd.com.br\/portal\/wp-content\/uploads\/2025\/09\/ABGD-AZUL.webp\",\"contentUrl\":\"https:\/\/www.abgd.com.br\/portal\/wp-content\/uploads\/2025\/09\/ABGD-AZUL.webp\",\"width\":641,\"height\":219,\"caption\":\"ABGD\"},\"image\":{\"@id\":\"https:\/\/www.abgd.com.br\/portal\/#\/schema\/logo\/image\/\"},\"sameAs\":[\"https:\/\/www.facebook.com\/Abgdbrasil\",\"https:\/\/www.instagram.com\/abgd_oficial\/\",\"https:\/\/www.linkedin.com\/company\/abgd\/\",\"https:\/\/www.youtube.com\/@ABGDoficial\"]},{\"@type\":\"Person\",\"@id\":\"https:\/\/www.abgd.com.br\/portal\/#\/schema\/person\/da1d797e2aea460e90a309f898902aac\",\"name\":\"pedro\",\"image\":{\"@type\":\"ImageObject\",\"inLanguage\":\"pt-BR\",\"@id\":\"https:\/\/secure.gravatar.com\/avatar\/95c4b5af4fdfeaa02608f6b17b338802d86f9b6c1052879b403677f29f36c502?s=96&d=mm&r=g\",\"url\":\"https:\/\/secure.gravatar.com\/avatar\/95c4b5af4fdfeaa02608f6b17b338802d86f9b6c1052879b403677f29f36c502?s=96&d=mm&r=g\",\"contentUrl\":\"https:\/\/secure.gravatar.com\/avatar\/95c4b5af4fdfeaa02608f6b17b338802d86f9b6c1052879b403677f29f36c502?s=96&d=mm&r=g\",\"caption\":\"pedro\"},\"url\":\"https:\/\/www.abgd.com.br\/portal\/author\/pedro\/\"}]}<\/script>\n<!-- \/ Yoast SEO plugin. -->","yoast_head_json":{"title":"ABGD promove debate sobre a Amaz\u00f4nia Legal em Foco - ABGD","description":"Evento reunir\u00e1 especialistas, governo e setor privado para discutir desafios e solu\u00e7\u00f5es para os sistemas isolados na Amaz\u00f4nia Legal.","robots":{"index":"index","follow":"follow","max-snippet":"max-snippet:-1","max-image-preview":"max-image-preview:large","max-video-preview":"max-video-preview:-1"},"canonical":"https:\/\/www.abgd.com.br\/portal\/abgd-promove-evento-gratuito-para-debater-a-amazonia-legal\/","og_locale":"pt_BR","og_type":"article","og_title":"ABGD promove debate sobre a Amaz\u00f4nia Legal em Foco - ABGD","og_description":"Evento reunir\u00e1 especialistas, governo e setor privado para discutir desafios e solu\u00e7\u00f5es para os sistemas isolados na Amaz\u00f4nia Legal.","og_url":"https:\/\/www.abgd.com.br\/portal\/abgd-promove-evento-gratuito-para-debater-a-amazonia-legal\/","og_site_name":"ABGD","article_publisher":"https:\/\/www.facebook.com\/Abgdbrasil","article_published_time":"2025-10-16T17:26:24+00:00","article_modified_time":"2025-10-27T16:29:48+00:00","og_image":[{"width":1917,"height":1109,"url":"https:\/\/www.abgd.com.br\/portal\/wp-content\/uploads\/2025\/10\/BG-2-LP-ABGD.webp","type":"image\/webp"}],"author":"pedro","twitter_card":"summary_large_image","twitter_misc":{"Escrito por":"pedro","Est. tempo de leitura":"3 minutos"},"schema":{"@context":"https:\/\/schema.org","@graph":[{"@type":"Article","@id":"https:\/\/www.abgd.com.br\/portal\/abgd-promove-evento-gratuito-para-debater-a-amazonia-legal\/#article","isPartOf":{"@id":"https:\/\/www.abgd.com.br\/portal\/abgd-promove-evento-gratuito-para-debater-a-amazonia-legal\/"},"author":{"name":"pedro","@id":"https:\/\/www.abgd.com.br\/portal\/#\/schema\/person\/da1d797e2aea460e90a309f898902aac"},"headline":"ABGD promove debate sobre universaliza\u00e7\u00e3o do acesso \u00e0 energia na Amaz\u00f4nia Legal","datePublished":"2025-10-16T17:26:24+00:00","dateModified":"2025-10-27T16:29:48+00:00","mainEntityOfPage":{"@id":"https:\/\/www.abgd.com.br\/portal\/abgd-promove-evento-gratuito-para-debater-a-amazonia-legal\/"},"wordCount":577,"commentCount":0,"publisher":{"@id":"https:\/\/www.abgd.com.br\/portal\/#organization"},"image":{"@id":"https:\/\/www.abgd.com.br\/portal\/abgd-promove-evento-gratuito-para-debater-a-amazonia-legal\/#primaryimage"},"thumbnailUrl":"https:\/\/www.abgd.com.br\/portal\/wp-content\/uploads\/2025\/10\/BG-2-LP-ABGD.webp","articleSection":["Eventos","Publica\u00e7\u00f5es"],"inLanguage":"pt-BR","potentialAction":[{"@type":"CommentAction","name":"Comment","target":["https:\/\/www.abgd.com.br\/portal\/abgd-promove-evento-gratuito-para-debater-a-amazonia-legal\/#respond"]}]},{"@type":"WebPage","@id":"https:\/\/www.abgd.com.br\/portal\/abgd-promove-evento-gratuito-para-debater-a-amazonia-legal\/","url":"https:\/\/www.abgd.com.br\/portal\/abgd-promove-evento-gratuito-para-debater-a-amazonia-legal\/","name":"ABGD promove debate sobre a Amaz\u00f4nia Legal em Foco - ABGD","isPartOf":{"@id":"https:\/\/www.abgd.com.br\/portal\/#website"},"primaryImageOfPage":{"@id":"https:\/\/www.abgd.com.br\/portal\/abgd-promove-evento-gratuito-para-debater-a-amazonia-legal\/#primaryimage"},"image":{"@id":"https:\/\/www.abgd.com.br\/portal\/abgd-promove-evento-gratuito-para-debater-a-amazonia-legal\/#primaryimage"},"thumbnailUrl":"https:\/\/www.abgd.com.br\/portal\/wp-content\/uploads\/2025\/10\/BG-2-LP-ABGD.webp","datePublished":"2025-10-16T17:26:24+00:00","dateModified":"2025-10-27T16:29:48+00:00","description":"Evento reunir\u00e1 especialistas, governo e setor privado para discutir desafios e solu\u00e7\u00f5es para os sistemas isolados na Amaz\u00f4nia Legal.","breadcrumb":{"@id":"https:\/\/www.abgd.com.br\/portal\/abgd-promove-evento-gratuito-para-debater-a-amazonia-legal\/#breadcrumb"},"inLanguage":"pt-BR","potentialAction":[{"@type":"ReadAction","target":["https:\/\/www.abgd.com.br\/portal\/abgd-promove-evento-gratuito-para-debater-a-amazonia-legal\/"]}]},{"@type":"ImageObject","inLanguage":"pt-BR","@id":"https:\/\/www.abgd.com.br\/portal\/abgd-promove-evento-gratuito-para-debater-a-amazonia-legal\/#primaryimage","url":"https:\/\/www.abgd.com.br\/portal\/wp-content\/uploads\/2025\/10\/BG-2-LP-ABGD.webp","contentUrl":"https:\/\/www.abgd.com.br\/portal\/wp-content\/uploads\/2025\/10\/BG-2-LP-ABGD.webp","width":1917,"height":1109,"caption":"Amaz\u00f4nia Legal"},{"@type":"BreadcrumbList","@id":"https:\/\/www.abgd.com.br\/portal\/abgd-promove-evento-gratuito-para-debater-a-amazonia-legal\/#breadcrumb","itemListElement":[{"@type":"ListItem","position":1,"name":"In\u00edcio","item":"https:\/\/www.abgd.com.br\/portal\/"},{"@type":"ListItem","position":2,"name":"ABGD promove debate sobre universaliza\u00e7\u00e3o do acesso \u00e0 energia na Amaz\u00f4nia Legal"}]},{"@type":"WebSite","@id":"https:\/\/www.abgd.com.br\/portal\/#website","url":"https:\/\/www.abgd.com.br\/portal\/","name":"ABGD","description":"","publisher":{"@id":"https:\/\/www.abgd.com.br\/portal\/#organization"},"potentialAction":[{"@type":"SearchAction","target":{"@type":"EntryPoint","urlTemplate":"https:\/\/www.abgd.com.br\/portal\/?s={search_term_string}"},"query-input":{"@type":"PropertyValueSpecification","valueRequired":true,"valueName":"search_term_string"}}],"inLanguage":"pt-BR"},{"@type":"Organization","@id":"https:\/\/www.abgd.com.br\/portal\/#organization","name":"ABGD","url":"https:\/\/www.abgd.com.br\/portal\/","logo":{"@type":"ImageObject","inLanguage":"pt-BR","@id":"https:\/\/www.abgd.com.br\/portal\/#\/schema\/logo\/image\/","url":"https:\/\/www.abgd.com.br\/portal\/wp-content\/uploads\/2025\/09\/ABGD-AZUL.webp","contentUrl":"https:\/\/www.abgd.com.br\/portal\/wp-content\/uploads\/2025\/09\/ABGD-AZUL.webp","width":641,"height":219,"caption":"ABGD"},"image":{"@id":"https:\/\/www.abgd.com.br\/portal\/#\/schema\/logo\/image\/"},"sameAs":["https:\/\/www.facebook.com\/Abgdbrasil","https:\/\/www.instagram.com\/abgd_oficial\/","https:\/\/www.linkedin.com\/company\/abgd\/","https:\/\/www.youtube.com\/@ABGDoficial"]},{"@type":"Person","@id":"https:\/\/www.abgd.com.br\/portal\/#\/schema\/person\/da1d797e2aea460e90a309f898902aac","name":"pedro","image":{"@type":"ImageObject","inLanguage":"pt-BR","@id":"https:\/\/secure.gravatar.com\/avatar\/95c4b5af4fdfeaa02608f6b17b338802d86f9b6c1052879b403677f29f36c502?s=96&d=mm&r=g","url":"https:\/\/secure.gravatar.com\/avatar\/95c4b5af4fdfeaa02608f6b17b338802d86f9b6c1052879b403677f29f36c502?s=96&d=mm&r=g","contentUrl":"https:\/\/secure.gravatar.com\/avatar\/95c4b5af4fdfeaa02608f6b17b338802d86f9b6c1052879b403677f29f36c502?s=96&d=mm&r=g","caption":"pedro"},"url":"https:\/\/www.abgd.com.br\/portal\/author\/pedro\/"}]}},"_links":{"self":[{"href":"https:\/\/www.abgd.com.br\/portal\/wp-json\/wp\/v2\/posts\/6978","targetHints":{"allow":["GET"]}}],"collection":[{"href":"https:\/\/www.abgd.com.br\/portal\/wp-json\/wp\/v2\/posts"}],"about":[{"href":"https:\/\/www.abgd.com.br\/portal\/wp-json\/wp\/v2\/types\/post"}],"author":[{"embeddable":true,"href":"https:\/\/www.abgd.com.br\/portal\/wp-json\/wp\/v2\/users\/3"}],"replies":[{"embeddable":true,"href":"https:\/\/www.abgd.com.br\/portal\/wp-json\/wp\/v2\/comments?post=6978"}],"version-history":[{"count":8,"href":"https:\/\/www.abgd.com.br\/portal\/wp-json\/wp\/v2\/posts\/6978\/revisions"}],"predecessor-version":[{"id":7332,"href":"https:\/\/www.abgd.com.br\/portal\/wp-json\/wp\/v2\/posts\/6978\/revisions\/7332"}],"wp:featuredmedia":[{"embeddable":true,"href":"https:\/\/www.abgd.com.br\/portal\/wp-json\/wp\/v2\/media\/7193"}],"wp:attachment":[{"href":"https:\/\/www.abgd.com.br\/portal\/wp-json\/wp\/v2\/media?parent=6978"}],"wp:term":[{"taxonomy":"category","embeddable":true,"href":"https:\/\/www.abgd.com.br\/portal\/wp-json\/wp\/v2\/categories?post=6978"},{"taxonomy":"post_tag","embeddable":true,"href":"https:\/\/www.abgd.com.br\/portal\/wp-json\/wp\/v2\/tags?post=6978"}],"curies":[{"name":"wp","href":"https:\/\/api.w.org\/{rel}","templated":true}]}}