{"id":6458,"date":"2025-09-22T11:41:41","date_gmt":"2025-09-22T14:41:41","guid":{"rendered":"https:\/\/www.abgd.com.br\/portal\/?p=6458"},"modified":"2025-10-28T11:22:43","modified_gmt":"2025-10-28T14:22:43","slug":"geracao-distribuida-no-agronegocio-cresce-60-em-dois-anos","status":"publish","type":"post","link":"https:\/\/www.abgd.com.br\/portal\/geracao-distribuida-no-agronegocio-cresce-60-em-dois-anos\/","title":{"rendered":"Gera\u00e7\u00e3o Distribu\u00edda no agroneg\u00f3cio cresce 60% em dois anos"},"content":{"rendered":"<h2 data-start=\"110\" data-end=\"172\">Gera\u00e7\u00e3o Distribu\u00edda no Agroneg\u00f3cio Cresce 60% em Dois Anos<\/h2>\n<p data-start=\"174\" data-end=\"813\">O agroneg\u00f3cio brasileiro j\u00e1 concentra 13% da pot\u00eancia instalada de gera\u00e7\u00e3o distribu\u00edda (GD) no pa\u00eds. A classe de consumo rural registrou um crescimento expressivo de cerca de 60% entre junho de 2023 e junho de 2025, saltando de 3,5 GW para 5,6 GW, segundo dados da <a href=\"https:\/\/www.gov.br\/aneel\/pt-br\">Ag\u00eancia Nacional de Energia El\u00e9trica (ANEEL)<\/a> reunidos pela <a href=\"http:\/\/abgd.com.br\/portal\/quem-somos\/\">Associa\u00e7\u00e3o Brasileira de Gera\u00e7\u00e3o Distribu\u00edda (ABGD)<\/a>. Atualmente, a pot\u00eancia instalada total de GD no Brasil supera 42 GW, estando presente em mais de 5.500 munic\u00edpios. A modalidade, que consiste na produ\u00e7\u00e3o de energia el\u00e9trica pr\u00f3xima ao local de consumo, se consolida como solu\u00e7\u00e3o estrat\u00e9gica para o setor rural.<\/p>\n<p data-start=\"815\" data-end=\"1186\">O crescimento acompanha a expans\u00e3o do pr\u00f3prio agroneg\u00f3cio, que pode atingir 29,4% do Produto Interno Bruto (PIB) brasileiro em 2025 \u2014 a maior participa\u00e7\u00e3o em 22 anos \u2014 impulsionada por uma safra recorde de soja e pelo aumento da produ\u00e7\u00e3o em diversos segmentos, conforme estudo da Confedera\u00e7\u00e3o da Agricultura e Pecu\u00e1ria do Brasil (CNA) em parceria com o Cepea\/Esalq-USP.<\/p>\n<p data-start=\"1188\" data-end=\"1691\">\u201cNesse cen\u00e1rio, a energia el\u00e9trica deixou de ser apenas um insumo operacional e passou a ser considerada um pilar estrat\u00e9gico para garantir produtividade, competitividade e sustentabilidade no campo. A GD tem papel fundamental na diversifica\u00e7\u00e3o da matriz energ\u00e9tica, permitindo reduzir emiss\u00f5es, ampliar o acesso \u00e0 energia em regi\u00f5es remotas e garantir maior previsibilidade no fornecimento, sem depender de combust\u00edveis f\u00f3sseis ou da oscila\u00e7\u00e3o h\u00eddrica\u201d, afirma Carlos Evangelista, presidente da ABGD.<\/p>\n<h3 data-start=\"1693\" data-end=\"1728\">Benef\u00edcios Econ\u00f4micos e Sociais<\/h3>\n<p data-start=\"1730\" data-end=\"2047\">Segundo Evangelista, a GD traz ganhos expressivos para o setor rural. \u201cPropriedades antes sujeitas a falhas frequentes ou fora do alcance da rede tradicional agora contam com fornecimento cont\u00ednuo. O resultado \u00e9 maior autonomia, redu\u00e7\u00e3o de perdas na produ\u00e7\u00e3o e queda significativa nos custos com energia\u201d, ressalta.<\/p>\n<p data-start=\"2049\" data-end=\"2351\">Al\u00e9m do impacto econ\u00f4mico, a ado\u00e7\u00e3o de fontes renov\u00e1veis refor\u00e7a o alinhamento do agroneg\u00f3cio com metas ambientais e pr\u00e1ticas ESG, exigidas por mercados internacionais. A GD tamb\u00e9m democratiza o acesso \u00e0 energia limpa, beneficiando pequenos e m\u00e9dios produtores e ampliando a competitividade do setor.<\/p>\n<p data-start=\"2353\" data-end=\"2558\">Cooperativas rurais e projetos de gera\u00e7\u00e3o compartilhada com financiamento acess\u00edvel v\u00eam se consolidando em diversas regi\u00f5es, promovendo desenvolvimento regional e sustentabilidade das cadeias produtivas.<\/p>\n<h3 data-start=\"2560\" data-end=\"2604\">Armazenamento Potencializa a GD no Campo<\/h3>\n<p data-start=\"2606\" data-end=\"3265\">Para a ABGD, a inclus\u00e3o de sistemas de armazenamento (storage) aumenta ainda mais os benef\u00edcios da GD no meio rural. \u201cCom baterias integradas, os produtores podem armazenar o excedente de energia gerado durante o dia e utiliz\u00e1-lo em per\u00edodos de baixa produ\u00e7\u00e3o ou maior demanda, como \u00e0 noite ou em dias nublados. Isso reduz a depend\u00eancia da rede el\u00e9trica, garante maior estabilidade no fornecimento e amplia a autonomia das propriedades, especialmente em \u00e1reas remotas. Al\u00e9m disso, o armazenamento contribui para a resili\u00eancia do sistema energ\u00e9tico como um todo, minimizando os efeitos de oscila\u00e7\u00f5es e interrup\u00e7\u00f5es na rede convencional\u201d, explica Evangelista.<\/p>\n<p data-start=\"3267\" data-end=\"3579\">\u201cFacilitar e ampliar o acesso \u00e0 gera\u00e7\u00e3o distribu\u00edda \u00e9 essencial para estimular investimentos no campo. Em um cen\u00e1rio de crise clim\u00e1tica, desafios log\u00edsticos e oscila\u00e7\u00f5es no sistema el\u00e9trico, a GD se consolida como instrumento para resili\u00eancia, inova\u00e7\u00e3o e crescimento sustent\u00e1vel\u201d, conclui o presidente da ABGD.<\/p>\n<h3 data-start=\"3581\" data-end=\"3597\">Sobre a ABGD<\/h3>\n<p data-start=\"3599\" data-end=\"4160\">A Associa\u00e7\u00e3o Brasileira de Gera\u00e7\u00e3o Distribu\u00edda (ABGD) \u00e9 a principal entidade representativa do setor de energias renov\u00e1veis com foco em GD no Brasil. Fundada em 2015, conta com mais de 1.500 empresas associadas, abrangendo toda a cadeia produtiva de equipamentos e servi\u00e7os. A ABGD atua estrategicamente na defesa dos interesses do setor junto a \u00f3rg\u00e3os reguladores, institui\u00e7\u00f5es governamentais e sociedade civil, promovendo pol\u00edticas p\u00fablicas, inova\u00e7\u00e3o tecnol\u00f3gica, sustentabilidade ambiental, efici\u00eancia energ\u00e9tica e democratiza\u00e7\u00e3o do acesso \u00e0 energia limpa.<\/p>\n","protected":false},"excerpt":{"rendered":"<p>Gera\u00e7\u00e3o Distribu\u00edda no Agroneg\u00f3cio Cresce 60% em Dois Anos O agroneg\u00f3cio brasileiro j\u00e1 concentra 13% da pot\u00eancia instalada de gera\u00e7\u00e3o distribu\u00edda (GD) no pa\u00eds. A classe de consumo rural registrou um crescimento expressivo de cerca de 60% entre junho de 2023 e junho de 2025, saltando de 3,5 GW para 5,6 GW, segundo dados da [&hellip;]<\/p>\n","protected":false},"author":1,"featured_media":6459,"comment_status":"open","ping_status":"open","sticky":false,"template":"","format":"standard","meta":{"_acf_changed":false,"_monsterinsights_skip_tracking":false,"_monsterinsights_sitenote_active":false,"_monsterinsights_sitenote_note":"","_monsterinsights_sitenote_category":0,"footnotes":""},"categories":[7],"tags":[],"class_list":["post-6458","post","type-post","status-publish","format-standard","has-post-thumbnail","hentry","category-publicacoes"],"acf":[],"yoast_head":"<!-- This site is optimized with the Yoast SEO plugin v27.2 - https:\/\/yoast.com\/product\/yoast-seo-wordpress\/ -->\n<title>Gera\u00e7\u00e3o Distribu\u00edda no agroneg\u00f3cio cresce 60% em dois anos - ABGD<\/title>\n<meta name=\"description\" content=\"A gera\u00e7\u00e3o distribu\u00edda no agroneg\u00f3cio brasileiro avan\u00e7ou 60% entre 2023 e 2025, impulsionando produtividade e sustentabilidade.\" \/>\n<meta name=\"robots\" content=\"index, follow, max-snippet:-1, max-image-preview:large, max-video-preview:-1\" \/>\n<link rel=\"canonical\" href=\"https:\/\/www.abgd.com.br\/portal\/geracao-distribuida-no-agronegocio-cresce-60-em-dois-anos\/\" \/>\n<meta property=\"og:locale\" content=\"pt_BR\" \/>\n<meta property=\"og:type\" content=\"article\" \/>\n<meta property=\"og:title\" content=\"Gera\u00e7\u00e3o Distribu\u00edda no agroneg\u00f3cio cresce 60% em dois anos - ABGD\" \/>\n<meta property=\"og:description\" content=\"A gera\u00e7\u00e3o distribu\u00edda no agroneg\u00f3cio brasileiro avan\u00e7ou 60% entre 2023 e 2025, impulsionando produtividade e sustentabilidade.\" \/>\n<meta property=\"og:url\" content=\"https:\/\/www.abgd.com.br\/portal\/geracao-distribuida-no-agronegocio-cresce-60-em-dois-anos\/\" \/>\n<meta property=\"og:site_name\" content=\"ABGD\" \/>\n<meta property=\"article:publisher\" content=\"https:\/\/www.facebook.com\/Abgdbrasil\" \/>\n<meta property=\"article:published_time\" content=\"2025-09-22T14:41:41+00:00\" \/>\n<meta property=\"article:modified_time\" content=\"2025-10-28T14:22:43+00:00\" \/>\n<meta property=\"og:image\" content=\"https:\/\/www.abgd.com.br\/portal\/wp-content\/uploads\/2025\/09\/26111-webp.webp\" \/>\n\t<meta property=\"og:image:width\" content=\"1500\" \/>\n\t<meta property=\"og:image:height\" content=\"857\" \/>\n\t<meta property=\"og:image:type\" content=\"image\/webp\" \/>\n<meta name=\"author\" content=\"marketing-go\" \/>\n<meta name=\"twitter:card\" content=\"summary_large_image\" \/>\n<meta name=\"twitter:label1\" content=\"Escrito por\" \/>\n\t<meta name=\"twitter:data1\" content=\"marketing-go\" \/>\n\t<meta name=\"twitter:label2\" content=\"Est. tempo de leitura\" \/>\n\t<meta name=\"twitter:data2\" content=\"4 minutos\" \/>\n<script type=\"application\/ld+json\" class=\"yoast-schema-graph\">{\"@context\":\"https:\/\/schema.org\",\"@graph\":[{\"@type\":\"Article\",\"@id\":\"https:\/\/www.abgd.com.br\/portal\/geracao-distribuida-no-agronegocio-cresce-60-em-dois-anos\/#article\",\"isPartOf\":{\"@id\":\"https:\/\/www.abgd.com.br\/portal\/geracao-distribuida-no-agronegocio-cresce-60-em-dois-anos\/\"},\"author\":{\"name\":\"marketing-go\",\"@id\":\"https:\/\/www.abgd.com.br\/portal\/#\/schema\/person\/9cd8d7f269f319517f064de637cc7091\"},\"headline\":\"Gera\u00e7\u00e3o Distribu\u00edda no agroneg\u00f3cio cresce 60% em dois anos\",\"datePublished\":\"2025-09-22T14:41:41+00:00\",\"dateModified\":\"2025-10-28T14:22:43+00:00\",\"mainEntityOfPage\":{\"@id\":\"https:\/\/www.abgd.com.br\/portal\/geracao-distribuida-no-agronegocio-cresce-60-em-dois-anos\/\"},\"wordCount\":670,\"commentCount\":0,\"publisher\":{\"@id\":\"https:\/\/www.abgd.com.br\/portal\/#organization\"},\"image\":{\"@id\":\"https:\/\/www.abgd.com.br\/portal\/geracao-distribuida-no-agronegocio-cresce-60-em-dois-anos\/#primaryimage\"},\"thumbnailUrl\":\"https:\/\/www.abgd.com.br\/portal\/wp-content\/uploads\/2025\/09\/26111-webp.webp\",\"articleSection\":[\"Publica\u00e7\u00f5es\"],\"inLanguage\":\"pt-BR\",\"potentialAction\":[{\"@type\":\"CommentAction\",\"name\":\"Comment\",\"target\":[\"https:\/\/www.abgd.com.br\/portal\/geracao-distribuida-no-agronegocio-cresce-60-em-dois-anos\/#respond\"]}]},{\"@type\":\"WebPage\",\"@id\":\"https:\/\/www.abgd.com.br\/portal\/geracao-distribuida-no-agronegocio-cresce-60-em-dois-anos\/\",\"url\":\"https:\/\/www.abgd.com.br\/portal\/geracao-distribuida-no-agronegocio-cresce-60-em-dois-anos\/\",\"name\":\"Gera\u00e7\u00e3o Distribu\u00edda no agroneg\u00f3cio cresce 60% em dois anos - ABGD\",\"isPartOf\":{\"@id\":\"https:\/\/www.abgd.com.br\/portal\/#website\"},\"primaryImageOfPage\":{\"@id\":\"https:\/\/www.abgd.com.br\/portal\/geracao-distribuida-no-agronegocio-cresce-60-em-dois-anos\/#primaryimage\"},\"image\":{\"@id\":\"https:\/\/www.abgd.com.br\/portal\/geracao-distribuida-no-agronegocio-cresce-60-em-dois-anos\/#primaryimage\"},\"thumbnailUrl\":\"https:\/\/www.abgd.com.br\/portal\/wp-content\/uploads\/2025\/09\/26111-webp.webp\",\"datePublished\":\"2025-09-22T14:41:41+00:00\",\"dateModified\":\"2025-10-28T14:22:43+00:00\",\"description\":\"A gera\u00e7\u00e3o distribu\u00edda no agroneg\u00f3cio brasileiro avan\u00e7ou 60% entre 2023 e 2025, impulsionando produtividade e sustentabilidade.\",\"breadcrumb\":{\"@id\":\"https:\/\/www.abgd.com.br\/portal\/geracao-distribuida-no-agronegocio-cresce-60-em-dois-anos\/#breadcrumb\"},\"inLanguage\":\"pt-BR\",\"potentialAction\":[{\"@type\":\"ReadAction\",\"target\":[\"https:\/\/www.abgd.com.br\/portal\/geracao-distribuida-no-agronegocio-cresce-60-em-dois-anos\/\"]}]},{\"@type\":\"ImageObject\",\"inLanguage\":\"pt-BR\",\"@id\":\"https:\/\/www.abgd.com.br\/portal\/geracao-distribuida-no-agronegocio-cresce-60-em-dois-anos\/#primaryimage\",\"url\":\"https:\/\/www.abgd.com.br\/portal\/wp-content\/uploads\/2025\/09\/26111-webp.webp\",\"contentUrl\":\"https:\/\/www.abgd.com.br\/portal\/wp-content\/uploads\/2025\/09\/26111-webp.webp\",\"width\":1500,\"height\":857,\"caption\":\"Gera\u00e7\u00e3o Distribu\u00edda no Agroneg\u00f3cio\"},{\"@type\":\"BreadcrumbList\",\"@id\":\"https:\/\/www.abgd.com.br\/portal\/geracao-distribuida-no-agronegocio-cresce-60-em-dois-anos\/#breadcrumb\",\"itemListElement\":[{\"@type\":\"ListItem\",\"position\":1,\"name\":\"In\u00edcio\",\"item\":\"https:\/\/www.abgd.com.br\/portal\/\"},{\"@type\":\"ListItem\",\"position\":2,\"name\":\"Gera\u00e7\u00e3o Distribu\u00edda no agroneg\u00f3cio cresce 60% em dois anos\"}]},{\"@type\":\"WebSite\",\"@id\":\"https:\/\/www.abgd.com.br\/portal\/#website\",\"url\":\"https:\/\/www.abgd.com.br\/portal\/\",\"name\":\"ABGD\",\"description\":\"\",\"publisher\":{\"@id\":\"https:\/\/www.abgd.com.br\/portal\/#organization\"},\"potentialAction\":[{\"@type\":\"SearchAction\",\"target\":{\"@type\":\"EntryPoint\",\"urlTemplate\":\"https:\/\/www.abgd.com.br\/portal\/?s={search_term_string}\"},\"query-input\":{\"@type\":\"PropertyValueSpecification\",\"valueRequired\":true,\"valueName\":\"search_term_string\"}}],\"inLanguage\":\"pt-BR\"},{\"@type\":\"Organization\",\"@id\":\"https:\/\/www.abgd.com.br\/portal\/#organization\",\"name\":\"ABGD\",\"url\":\"https:\/\/www.abgd.com.br\/portal\/\",\"logo\":{\"@type\":\"ImageObject\",\"inLanguage\":\"pt-BR\",\"@id\":\"https:\/\/www.abgd.com.br\/portal\/#\/schema\/logo\/image\/\",\"url\":\"https:\/\/www.abgd.com.br\/portal\/wp-content\/uploads\/2025\/09\/ABGD-AZUL.webp\",\"contentUrl\":\"https:\/\/www.abgd.com.br\/portal\/wp-content\/uploads\/2025\/09\/ABGD-AZUL.webp\",\"width\":641,\"height\":219,\"caption\":\"ABGD\"},\"image\":{\"@id\":\"https:\/\/www.abgd.com.br\/portal\/#\/schema\/logo\/image\/\"},\"sameAs\":[\"https:\/\/www.facebook.com\/Abgdbrasil\",\"https:\/\/www.instagram.com\/abgd_oficial\/\",\"https:\/\/www.linkedin.com\/company\/abgd\/\",\"https:\/\/www.youtube.com\/@ABGDoficial\"]},{\"@type\":\"Person\",\"@id\":\"https:\/\/www.abgd.com.br\/portal\/#\/schema\/person\/9cd8d7f269f319517f064de637cc7091\",\"name\":\"marketing-go\",\"image\":{\"@type\":\"ImageObject\",\"inLanguage\":\"pt-BR\",\"@id\":\"https:\/\/secure.gravatar.com\/avatar\/912ba1de83c4475b871b9b8a259e744e73f252bfd3a806151bf87f961eecfda8?s=96&d=mm&r=g\",\"url\":\"https:\/\/secure.gravatar.com\/avatar\/912ba1de83c4475b871b9b8a259e744e73f252bfd3a806151bf87f961eecfda8?s=96&d=mm&r=g\",\"contentUrl\":\"https:\/\/secure.gravatar.com\/avatar\/912ba1de83c4475b871b9b8a259e744e73f252bfd3a806151bf87f961eecfda8?s=96&d=mm&r=g\",\"caption\":\"marketing-go\"},\"sameAs\":[\"https:\/\/www.abgd.com.br\/portal\"],\"url\":\"https:\/\/www.abgd.com.br\/portal\/author\/marketing-go\/\"}]}<\/script>\n<!-- \/ Yoast SEO plugin. -->","yoast_head_json":{"title":"Gera\u00e7\u00e3o Distribu\u00edda no agroneg\u00f3cio cresce 60% em dois anos - ABGD","description":"A gera\u00e7\u00e3o distribu\u00edda no agroneg\u00f3cio brasileiro avan\u00e7ou 60% entre 2023 e 2025, impulsionando produtividade e sustentabilidade.","robots":{"index":"index","follow":"follow","max-snippet":"max-snippet:-1","max-image-preview":"max-image-preview:large","max-video-preview":"max-video-preview:-1"},"canonical":"https:\/\/www.abgd.com.br\/portal\/geracao-distribuida-no-agronegocio-cresce-60-em-dois-anos\/","og_locale":"pt_BR","og_type":"article","og_title":"Gera\u00e7\u00e3o Distribu\u00edda no agroneg\u00f3cio cresce 60% em dois anos - ABGD","og_description":"A gera\u00e7\u00e3o distribu\u00edda no agroneg\u00f3cio brasileiro avan\u00e7ou 60% entre 2023 e 2025, impulsionando produtividade e sustentabilidade.","og_url":"https:\/\/www.abgd.com.br\/portal\/geracao-distribuida-no-agronegocio-cresce-60-em-dois-anos\/","og_site_name":"ABGD","article_publisher":"https:\/\/www.facebook.com\/Abgdbrasil","article_published_time":"2025-09-22T14:41:41+00:00","article_modified_time":"2025-10-28T14:22:43+00:00","og_image":[{"width":1500,"height":857,"url":"https:\/\/www.abgd.com.br\/portal\/wp-content\/uploads\/2025\/09\/26111-webp.webp","type":"image\/webp"}],"author":"marketing-go","twitter_card":"summary_large_image","twitter_misc":{"Escrito por":"marketing-go","Est. tempo de leitura":"4 minutos"},"schema":{"@context":"https:\/\/schema.org","@graph":[{"@type":"Article","@id":"https:\/\/www.abgd.com.br\/portal\/geracao-distribuida-no-agronegocio-cresce-60-em-dois-anos\/#article","isPartOf":{"@id":"https:\/\/www.abgd.com.br\/portal\/geracao-distribuida-no-agronegocio-cresce-60-em-dois-anos\/"},"author":{"name":"marketing-go","@id":"https:\/\/www.abgd.com.br\/portal\/#\/schema\/person\/9cd8d7f269f319517f064de637cc7091"},"headline":"Gera\u00e7\u00e3o Distribu\u00edda no agroneg\u00f3cio cresce 60% em dois anos","datePublished":"2025-09-22T14:41:41+00:00","dateModified":"2025-10-28T14:22:43+00:00","mainEntityOfPage":{"@id":"https:\/\/www.abgd.com.br\/portal\/geracao-distribuida-no-agronegocio-cresce-60-em-dois-anos\/"},"wordCount":670,"commentCount":0,"publisher":{"@id":"https:\/\/www.abgd.com.br\/portal\/#organization"},"image":{"@id":"https:\/\/www.abgd.com.br\/portal\/geracao-distribuida-no-agronegocio-cresce-60-em-dois-anos\/#primaryimage"},"thumbnailUrl":"https:\/\/www.abgd.com.br\/portal\/wp-content\/uploads\/2025\/09\/26111-webp.webp","articleSection":["Publica\u00e7\u00f5es"],"inLanguage":"pt-BR","potentialAction":[{"@type":"CommentAction","name":"Comment","target":["https:\/\/www.abgd.com.br\/portal\/geracao-distribuida-no-agronegocio-cresce-60-em-dois-anos\/#respond"]}]},{"@type":"WebPage","@id":"https:\/\/www.abgd.com.br\/portal\/geracao-distribuida-no-agronegocio-cresce-60-em-dois-anos\/","url":"https:\/\/www.abgd.com.br\/portal\/geracao-distribuida-no-agronegocio-cresce-60-em-dois-anos\/","name":"Gera\u00e7\u00e3o Distribu\u00edda no agroneg\u00f3cio cresce 60% em dois anos - ABGD","isPartOf":{"@id":"https:\/\/www.abgd.com.br\/portal\/#website"},"primaryImageOfPage":{"@id":"https:\/\/www.abgd.com.br\/portal\/geracao-distribuida-no-agronegocio-cresce-60-em-dois-anos\/#primaryimage"},"image":{"@id":"https:\/\/www.abgd.com.br\/portal\/geracao-distribuida-no-agronegocio-cresce-60-em-dois-anos\/#primaryimage"},"thumbnailUrl":"https:\/\/www.abgd.com.br\/portal\/wp-content\/uploads\/2025\/09\/26111-webp.webp","datePublished":"2025-09-22T14:41:41+00:00","dateModified":"2025-10-28T14:22:43+00:00","description":"A gera\u00e7\u00e3o distribu\u00edda no agroneg\u00f3cio brasileiro avan\u00e7ou 60% entre 2023 e 2025, impulsionando produtividade e sustentabilidade.","breadcrumb":{"@id":"https:\/\/www.abgd.com.br\/portal\/geracao-distribuida-no-agronegocio-cresce-60-em-dois-anos\/#breadcrumb"},"inLanguage":"pt-BR","potentialAction":[{"@type":"ReadAction","target":["https:\/\/www.abgd.com.br\/portal\/geracao-distribuida-no-agronegocio-cresce-60-em-dois-anos\/"]}]},{"@type":"ImageObject","inLanguage":"pt-BR","@id":"https:\/\/www.abgd.com.br\/portal\/geracao-distribuida-no-agronegocio-cresce-60-em-dois-anos\/#primaryimage","url":"https:\/\/www.abgd.com.br\/portal\/wp-content\/uploads\/2025\/09\/26111-webp.webp","contentUrl":"https:\/\/www.abgd.com.br\/portal\/wp-content\/uploads\/2025\/09\/26111-webp.webp","width":1500,"height":857,"caption":"Gera\u00e7\u00e3o Distribu\u00edda no Agroneg\u00f3cio"},{"@type":"BreadcrumbList","@id":"https:\/\/www.abgd.com.br\/portal\/geracao-distribuida-no-agronegocio-cresce-60-em-dois-anos\/#breadcrumb","itemListElement":[{"@type":"ListItem","position":1,"name":"In\u00edcio","item":"https:\/\/www.abgd.com.br\/portal\/"},{"@type":"ListItem","position":2,"name":"Gera\u00e7\u00e3o Distribu\u00edda no agroneg\u00f3cio cresce 60% em dois anos"}]},{"@type":"WebSite","@id":"https:\/\/www.abgd.com.br\/portal\/#website","url":"https:\/\/www.abgd.com.br\/portal\/","name":"ABGD","description":"","publisher":{"@id":"https:\/\/www.abgd.com.br\/portal\/#organization"},"potentialAction":[{"@type":"SearchAction","target":{"@type":"EntryPoint","urlTemplate":"https:\/\/www.abgd.com.br\/portal\/?s={search_term_string}"},"query-input":{"@type":"PropertyValueSpecification","valueRequired":true,"valueName":"search_term_string"}}],"inLanguage":"pt-BR"},{"@type":"Organization","@id":"https:\/\/www.abgd.com.br\/portal\/#organization","name":"ABGD","url":"https:\/\/www.abgd.com.br\/portal\/","logo":{"@type":"ImageObject","inLanguage":"pt-BR","@id":"https:\/\/www.abgd.com.br\/portal\/#\/schema\/logo\/image\/","url":"https:\/\/www.abgd.com.br\/portal\/wp-content\/uploads\/2025\/09\/ABGD-AZUL.webp","contentUrl":"https:\/\/www.abgd.com.br\/portal\/wp-content\/uploads\/2025\/09\/ABGD-AZUL.webp","width":641,"height":219,"caption":"ABGD"},"image":{"@id":"https:\/\/www.abgd.com.br\/portal\/#\/schema\/logo\/image\/"},"sameAs":["https:\/\/www.facebook.com\/Abgdbrasil","https:\/\/www.instagram.com\/abgd_oficial\/","https:\/\/www.linkedin.com\/company\/abgd\/","https:\/\/www.youtube.com\/@ABGDoficial"]},{"@type":"Person","@id":"https:\/\/www.abgd.com.br\/portal\/#\/schema\/person\/9cd8d7f269f319517f064de637cc7091","name":"marketing-go","image":{"@type":"ImageObject","inLanguage":"pt-BR","@id":"https:\/\/secure.gravatar.com\/avatar\/912ba1de83c4475b871b9b8a259e744e73f252bfd3a806151bf87f961eecfda8?s=96&d=mm&r=g","url":"https:\/\/secure.gravatar.com\/avatar\/912ba1de83c4475b871b9b8a259e744e73f252bfd3a806151bf87f961eecfda8?s=96&d=mm&r=g","contentUrl":"https:\/\/secure.gravatar.com\/avatar\/912ba1de83c4475b871b9b8a259e744e73f252bfd3a806151bf87f961eecfda8?s=96&d=mm&r=g","caption":"marketing-go"},"sameAs":["https:\/\/www.abgd.com.br\/portal"],"url":"https:\/\/www.abgd.com.br\/portal\/author\/marketing-go\/"}]}},"_links":{"self":[{"href":"https:\/\/www.abgd.com.br\/portal\/wp-json\/wp\/v2\/posts\/6458","targetHints":{"allow":["GET"]}}],"collection":[{"href":"https:\/\/www.abgd.com.br\/portal\/wp-json\/wp\/v2\/posts"}],"about":[{"href":"https:\/\/www.abgd.com.br\/portal\/wp-json\/wp\/v2\/types\/post"}],"author":[{"embeddable":true,"href":"https:\/\/www.abgd.com.br\/portal\/wp-json\/wp\/v2\/users\/1"}],"replies":[{"embeddable":true,"href":"https:\/\/www.abgd.com.br\/portal\/wp-json\/wp\/v2\/comments?post=6458"}],"version-history":[{"count":3,"href":"https:\/\/www.abgd.com.br\/portal\/wp-json\/wp\/v2\/posts\/6458\/revisions"}],"predecessor-version":[{"id":7439,"href":"https:\/\/www.abgd.com.br\/portal\/wp-json\/wp\/v2\/posts\/6458\/revisions\/7439"}],"wp:featuredmedia":[{"embeddable":true,"href":"https:\/\/www.abgd.com.br\/portal\/wp-json\/wp\/v2\/media\/6459"}],"wp:attachment":[{"href":"https:\/\/www.abgd.com.br\/portal\/wp-json\/wp\/v2\/media?parent=6458"}],"wp:term":[{"taxonomy":"category","embeddable":true,"href":"https:\/\/www.abgd.com.br\/portal\/wp-json\/wp\/v2\/categories?post=6458"},{"taxonomy":"post_tag","embeddable":true,"href":"https:\/\/www.abgd.com.br\/portal\/wp-json\/wp\/v2\/tags?post=6458"}],"curies":[{"name":"wp","href":"https:\/\/api.w.org\/{rel}","templated":true}]}}