{"id":5852,"date":"2025-02-10T17:19:10","date_gmt":"2025-02-10T20:19:10","guid":{"rendered":"https:\/\/www.abgd.com.br\/portal\/?p=5852"},"modified":"2025-10-16T10:52:14","modified_gmt":"2025-10-16T13:52:14","slug":"geracao-distribuida-sustentavel-oportunidades-e-desafios-no-brasil","status":"publish","type":"post","link":"https:\/\/www.abgd.com.br\/portal\/geracao-distribuida-sustentavel-oportunidades-e-desafios-no-brasil\/","title":{"rendered":"Gera\u00e7\u00e3o Distribu\u00edda Sustent\u00e1vel: Oportunidades e Desafios no Brasil"},"content":{"rendered":"<h2 data-start=\"159\" data-end=\"255\">COP30: oportunidade para o Brasil fortalecer a gera\u00e7\u00e3o distribu\u00edda sustent\u00e1vel e a transi\u00e7\u00e3o energ\u00e9tica<\/h2>\n<p data-start=\"257\" data-end=\"453\">A COP30, que ser\u00e1 realizada em Bel\u00e9m entre os dias <strong data-start=\"308\" data-end=\"331\">10 e 21 de novembro<\/strong>, representa uma oportunidade \u00fanica para o Brasil reafirmar seu compromisso com as quest\u00f5es <strong data-start=\"423\" data-end=\"450\">ambientais e clim\u00e1ticas<\/strong>.<\/p>\n<p data-start=\"455\" data-end=\"662\">O evento reunir\u00e1 l\u00edderes de diversos pa\u00edses para discutir como as na\u00e7\u00f5es podem <strong data-start=\"534\" data-end=\"581\">colaborar no combate \u00e0s mudan\u00e7as clim\u00e1ticas<\/strong> e cumprir as metas de sustentabilidade estabelecidas pelo <strong data-start=\"640\" data-end=\"659\">Acordo de Paris<\/strong>.<\/p>\n<p data-start=\"664\" data-end=\"848\">Al\u00e9m de debater solu\u00e7\u00f5es globais, a COP30 ser\u00e1 um espa\u00e7o para o Brasil apresentar <strong data-start=\"746\" data-end=\"780\">pol\u00edticas e estrat\u00e9gias locais<\/strong> voltadas ao desenvolvimento sustent\u00e1vel e \u00e0 transi\u00e7\u00e3o energ\u00e9tica.<\/p>\n<p data-start=\"850\" data-end=\"1185\">Uma das principais estrat\u00e9gias para reduzir as emiss\u00f5es de gases de efeito estufa \u00e9 a <strong data-start=\"936\" data-end=\"1002\">migra\u00e7\u00e3o para fontes de energia mais limpas e descentralizadas<\/strong>. Nesse contexto, a <a href=\"https:\/\/antigo.aneel.gov.br\/web\/guest\/geracao-distribuida\"><strong data-start=\"1022\" data-end=\"1050\">gera\u00e7\u00e3o distribu\u00edda (GD)<\/strong><\/a> vem se destacando no pa\u00eds, mostrando enorme potencial para transformar o setor el\u00e9trico e impulsionar o crescimento econ\u00f4mico verde.<\/p>\n<p data-start=\"1187\" data-end=\"1531\">O Brasil possui uma das maiores taxas de <strong data-start=\"1228\" data-end=\"1255\">radia\u00e7\u00e3o solar do mundo<\/strong>, o que torna a <strong data-start=\"1271\" data-end=\"1301\">energia solar fotovoltaica<\/strong> uma op\u00e7\u00e3o vi\u00e1vel, eficiente e econ\u00f4mica. No entanto, o setor ainda enfrenta desafios importantes, como <strong data-start=\"1405\" data-end=\"1419\">burocracia<\/strong>, <strong data-start=\"1421\" data-end=\"1454\">falta de incentivos adequados<\/strong> e <strong data-start=\"1457\" data-end=\"1503\">necessidade de regulamenta\u00e7\u00f5es mais claras<\/strong> para apoiar sua expans\u00e3o.<\/p>\n<p data-start=\"1533\" data-end=\"1860\">Com a visibilidade da COP30, o pa\u00eds tem a chance de <strong data-start=\"1585\" data-end=\"1612\">superar essas barreiras<\/strong> e consolidar pol\u00edticas p\u00fablicas que facilitem o acesso a <strong data-start=\"1670\" data-end=\"1691\">fontes renov\u00e1veis<\/strong>. O evento tamb\u00e9m pode impulsionar <strong data-start=\"1726\" data-end=\"1772\">novos investimentos em gera\u00e7\u00e3o distribu\u00edda<\/strong>, fortalecendo a transi\u00e7\u00e3o para um <strong data-start=\"1807\" data-end=\"1857\">futuro energ\u00e9tico mais sustent\u00e1vel e inclusivo<\/strong>.<\/p>\n<p>Para ficar por dentro de mais not\u00edcias, <a href=\"https:\/\/www.abgd.com.br\/portal\/noticias\/\">acesse nosso blog<\/a>.<\/p>\n","protected":false},"excerpt":{"rendered":"<p>COP30: oportunidade para o Brasil fortalecer a gera\u00e7\u00e3o distribu\u00edda sustent\u00e1vel e a transi\u00e7\u00e3o energ\u00e9tica A COP30, que ser\u00e1 realizada em Bel\u00e9m entre os dias 10 e 21 de novembro, representa uma oportunidade \u00fanica para o Brasil reafirmar seu compromisso com as quest\u00f5es ambientais e clim\u00e1ticas. O evento reunir\u00e1 l\u00edderes de diversos pa\u00edses para discutir como [&hellip;]<\/p>\n","protected":false},"author":1,"featured_media":6081,"comment_status":"open","ping_status":"open","sticky":false,"template":"","format":"standard","meta":{"_acf_changed":false,"_monsterinsights_skip_tracking":false,"_monsterinsights_sitenote_active":false,"_monsterinsights_sitenote_note":"","_monsterinsights_sitenote_category":0,"footnotes":""},"categories":[57],"tags":[],"class_list":["post-5852","post","type-post","status-publish","format-standard","has-post-thumbnail","hentry","category-cop30"],"acf":[],"yoast_head":"<!-- This site is optimized with the Yoast SEO plugin v27.2 - https:\/\/yoast.com\/product\/yoast-seo-wordpress\/ -->\n<title>Gera\u00e7\u00e3o Distribu\u00edda Sustent\u00e1vel: Oportunidades e Desafios - ABGD<\/title>\n<meta name=\"description\" content=\"Descubra como a gera\u00e7\u00e3o distribu\u00edda sustent\u00e1vel pode impulsionar a transi\u00e7\u00e3o energ\u00e9tica no Brasil, promovendo energia limpa e investimentos.\" \/>\n<meta name=\"robots\" content=\"index, follow, max-snippet:-1, max-image-preview:large, max-video-preview:-1\" \/>\n<link rel=\"canonical\" href=\"https:\/\/www.abgd.com.br\/portal\/geracao-distribuida-sustentavel-oportunidades-e-desafios-no-brasil\/\" \/>\n<meta property=\"og:locale\" content=\"pt_BR\" \/>\n<meta property=\"og:type\" content=\"article\" \/>\n<meta property=\"og:title\" content=\"Gera\u00e7\u00e3o Distribu\u00edda Sustent\u00e1vel: Oportunidades e Desafios - ABGD\" \/>\n<meta property=\"og:description\" content=\"Descubra como a gera\u00e7\u00e3o distribu\u00edda sustent\u00e1vel pode impulsionar a transi\u00e7\u00e3o energ\u00e9tica no Brasil, promovendo energia limpa e investimentos.\" \/>\n<meta property=\"og:url\" content=\"https:\/\/www.abgd.com.br\/portal\/geracao-distribuida-sustentavel-oportunidades-e-desafios-no-brasil\/\" \/>\n<meta property=\"og:site_name\" content=\"ABGD\" \/>\n<meta property=\"article:publisher\" content=\"https:\/\/www.facebook.com\/Abgdbrasil\" \/>\n<meta property=\"article:published_time\" content=\"2025-02-10T20:19:10+00:00\" \/>\n<meta property=\"article:modified_time\" content=\"2025-10-16T13:52:14+00:00\" \/>\n<meta property=\"og:image\" content=\"https:\/\/www.abgd.com.br\/portal\/wp-content\/uploads\/2025\/02\/A-COP30-e-o-potencial-sustentavel-da-geracao-distribuida.webp\" \/>\n\t<meta property=\"og:image:width\" content=\"369\" \/>\n\t<meta property=\"og:image:height\" content=\"590\" \/>\n\t<meta property=\"og:image:type\" content=\"image\/webp\" \/>\n<meta name=\"author\" content=\"marketing-go\" \/>\n<meta name=\"twitter:card\" content=\"summary_large_image\" \/>\n<meta name=\"twitter:label1\" content=\"Escrito por\" \/>\n\t<meta name=\"twitter:data1\" content=\"marketing-go\" \/>\n\t<meta name=\"twitter:label2\" content=\"Est. tempo de leitura\" \/>\n\t<meta name=\"twitter:data2\" content=\"2 minutos\" \/>\n<script type=\"application\/ld+json\" class=\"yoast-schema-graph\">{\"@context\":\"https:\/\/schema.org\",\"@graph\":[{\"@type\":\"Article\",\"@id\":\"https:\/\/www.abgd.com.br\/portal\/geracao-distribuida-sustentavel-oportunidades-e-desafios-no-brasil\/#article\",\"isPartOf\":{\"@id\":\"https:\/\/www.abgd.com.br\/portal\/geracao-distribuida-sustentavel-oportunidades-e-desafios-no-brasil\/\"},\"author\":{\"name\":\"marketing-go\",\"@id\":\"https:\/\/www.abgd.com.br\/portal\/#\/schema\/person\/9cd8d7f269f319517f064de637cc7091\"},\"headline\":\"Gera\u00e7\u00e3o Distribu\u00edda Sustent\u00e1vel: Oportunidades e Desafios no Brasil\",\"datePublished\":\"2025-02-10T20:19:10+00:00\",\"dateModified\":\"2025-10-16T13:52:14+00:00\",\"mainEntityOfPage\":{\"@id\":\"https:\/\/www.abgd.com.br\/portal\/geracao-distribuida-sustentavel-oportunidades-e-desafios-no-brasil\/\"},\"wordCount\":308,\"commentCount\":9,\"publisher\":{\"@id\":\"https:\/\/www.abgd.com.br\/portal\/#organization\"},\"image\":{\"@id\":\"https:\/\/www.abgd.com.br\/portal\/geracao-distribuida-sustentavel-oportunidades-e-desafios-no-brasil\/#primaryimage\"},\"thumbnailUrl\":\"https:\/\/www.abgd.com.br\/portal\/wp-content\/uploads\/2025\/02\/A-COP30-e-o-potencial-sustentavel-da-geracao-distribuida.webp\",\"articleSection\":[\"COP30\"],\"inLanguage\":\"pt-BR\",\"potentialAction\":[{\"@type\":\"CommentAction\",\"name\":\"Comment\",\"target\":[\"https:\/\/www.abgd.com.br\/portal\/geracao-distribuida-sustentavel-oportunidades-e-desafios-no-brasil\/#respond\"]}]},{\"@type\":\"WebPage\",\"@id\":\"https:\/\/www.abgd.com.br\/portal\/geracao-distribuida-sustentavel-oportunidades-e-desafios-no-brasil\/\",\"url\":\"https:\/\/www.abgd.com.br\/portal\/geracao-distribuida-sustentavel-oportunidades-e-desafios-no-brasil\/\",\"name\":\"Gera\u00e7\u00e3o Distribu\u00edda Sustent\u00e1vel: Oportunidades e Desafios - ABGD\",\"isPartOf\":{\"@id\":\"https:\/\/www.abgd.com.br\/portal\/#website\"},\"primaryImageOfPage\":{\"@id\":\"https:\/\/www.abgd.com.br\/portal\/geracao-distribuida-sustentavel-oportunidades-e-desafios-no-brasil\/#primaryimage\"},\"image\":{\"@id\":\"https:\/\/www.abgd.com.br\/portal\/geracao-distribuida-sustentavel-oportunidades-e-desafios-no-brasil\/#primaryimage\"},\"thumbnailUrl\":\"https:\/\/www.abgd.com.br\/portal\/wp-content\/uploads\/2025\/02\/A-COP30-e-o-potencial-sustentavel-da-geracao-distribuida.webp\",\"datePublished\":\"2025-02-10T20:19:10+00:00\",\"dateModified\":\"2025-10-16T13:52:14+00:00\",\"description\":\"Descubra como a gera\u00e7\u00e3o distribu\u00edda sustent\u00e1vel pode impulsionar a transi\u00e7\u00e3o energ\u00e9tica no Brasil, promovendo energia limpa e investimentos.\",\"breadcrumb\":{\"@id\":\"https:\/\/www.abgd.com.br\/portal\/geracao-distribuida-sustentavel-oportunidades-e-desafios-no-brasil\/#breadcrumb\"},\"inLanguage\":\"pt-BR\",\"potentialAction\":[{\"@type\":\"ReadAction\",\"target\":[\"https:\/\/www.abgd.com.br\/portal\/geracao-distribuida-sustentavel-oportunidades-e-desafios-no-brasil\/\"]}]},{\"@type\":\"ImageObject\",\"inLanguage\":\"pt-BR\",\"@id\":\"https:\/\/www.abgd.com.br\/portal\/geracao-distribuida-sustentavel-oportunidades-e-desafios-no-brasil\/#primaryimage\",\"url\":\"https:\/\/www.abgd.com.br\/portal\/wp-content\/uploads\/2025\/02\/A-COP30-e-o-potencial-sustentavel-da-geracao-distribuida.webp\",\"contentUrl\":\"https:\/\/www.abgd.com.br\/portal\/wp-content\/uploads\/2025\/02\/A-COP30-e-o-potencial-sustentavel-da-geracao-distribuida.webp\",\"width\":369,\"height\":590,\"caption\":\"gera\u00e7\u00e3o distribu\u00edda sustent\u00e1vel\"},{\"@type\":\"BreadcrumbList\",\"@id\":\"https:\/\/www.abgd.com.br\/portal\/geracao-distribuida-sustentavel-oportunidades-e-desafios-no-brasil\/#breadcrumb\",\"itemListElement\":[{\"@type\":\"ListItem\",\"position\":1,\"name\":\"In\u00edcio\",\"item\":\"https:\/\/www.abgd.com.br\/portal\/\"},{\"@type\":\"ListItem\",\"position\":2,\"name\":\"Gera\u00e7\u00e3o Distribu\u00edda Sustent\u00e1vel: Oportunidades e Desafios no Brasil\"}]},{\"@type\":\"WebSite\",\"@id\":\"https:\/\/www.abgd.com.br\/portal\/#website\",\"url\":\"https:\/\/www.abgd.com.br\/portal\/\",\"name\":\"ABGD\",\"description\":\"\",\"publisher\":{\"@id\":\"https:\/\/www.abgd.com.br\/portal\/#organization\"},\"potentialAction\":[{\"@type\":\"SearchAction\",\"target\":{\"@type\":\"EntryPoint\",\"urlTemplate\":\"https:\/\/www.abgd.com.br\/portal\/?s={search_term_string}\"},\"query-input\":{\"@type\":\"PropertyValueSpecification\",\"valueRequired\":true,\"valueName\":\"search_term_string\"}}],\"inLanguage\":\"pt-BR\"},{\"@type\":\"Organization\",\"@id\":\"https:\/\/www.abgd.com.br\/portal\/#organization\",\"name\":\"ABGD\",\"url\":\"https:\/\/www.abgd.com.br\/portal\/\",\"logo\":{\"@type\":\"ImageObject\",\"inLanguage\":\"pt-BR\",\"@id\":\"https:\/\/www.abgd.com.br\/portal\/#\/schema\/logo\/image\/\",\"url\":\"https:\/\/www.abgd.com.br\/portal\/wp-content\/uploads\/2025\/09\/ABGD-AZUL.webp\",\"contentUrl\":\"https:\/\/www.abgd.com.br\/portal\/wp-content\/uploads\/2025\/09\/ABGD-AZUL.webp\",\"width\":641,\"height\":219,\"caption\":\"ABGD\"},\"image\":{\"@id\":\"https:\/\/www.abgd.com.br\/portal\/#\/schema\/logo\/image\/\"},\"sameAs\":[\"https:\/\/www.facebook.com\/Abgdbrasil\",\"https:\/\/www.instagram.com\/abgd_oficial\/\",\"https:\/\/www.linkedin.com\/company\/abgd\/\",\"https:\/\/www.youtube.com\/@ABGDoficial\"]},{\"@type\":\"Person\",\"@id\":\"https:\/\/www.abgd.com.br\/portal\/#\/schema\/person\/9cd8d7f269f319517f064de637cc7091\",\"name\":\"marketing-go\",\"image\":{\"@type\":\"ImageObject\",\"inLanguage\":\"pt-BR\",\"@id\":\"https:\/\/secure.gravatar.com\/avatar\/912ba1de83c4475b871b9b8a259e744e73f252bfd3a806151bf87f961eecfda8?s=96&d=mm&r=g\",\"url\":\"https:\/\/secure.gravatar.com\/avatar\/912ba1de83c4475b871b9b8a259e744e73f252bfd3a806151bf87f961eecfda8?s=96&d=mm&r=g\",\"contentUrl\":\"https:\/\/secure.gravatar.com\/avatar\/912ba1de83c4475b871b9b8a259e744e73f252bfd3a806151bf87f961eecfda8?s=96&d=mm&r=g\",\"caption\":\"marketing-go\"},\"sameAs\":[\"https:\/\/www.abgd.com.br\/portal\"],\"url\":\"https:\/\/www.abgd.com.br\/portal\/author\/marketing-go\/\"}]}<\/script>\n<!-- \/ Yoast SEO plugin. -->","yoast_head_json":{"title":"Gera\u00e7\u00e3o Distribu\u00edda Sustent\u00e1vel: Oportunidades e Desafios - ABGD","description":"Descubra como a gera\u00e7\u00e3o distribu\u00edda sustent\u00e1vel pode impulsionar a transi\u00e7\u00e3o energ\u00e9tica no Brasil, promovendo energia limpa e investimentos.","robots":{"index":"index","follow":"follow","max-snippet":"max-snippet:-1","max-image-preview":"max-image-preview:large","max-video-preview":"max-video-preview:-1"},"canonical":"https:\/\/www.abgd.com.br\/portal\/geracao-distribuida-sustentavel-oportunidades-e-desafios-no-brasil\/","og_locale":"pt_BR","og_type":"article","og_title":"Gera\u00e7\u00e3o Distribu\u00edda Sustent\u00e1vel: Oportunidades e Desafios - ABGD","og_description":"Descubra como a gera\u00e7\u00e3o distribu\u00edda sustent\u00e1vel pode impulsionar a transi\u00e7\u00e3o energ\u00e9tica no Brasil, promovendo energia limpa e investimentos.","og_url":"https:\/\/www.abgd.com.br\/portal\/geracao-distribuida-sustentavel-oportunidades-e-desafios-no-brasil\/","og_site_name":"ABGD","article_publisher":"https:\/\/www.facebook.com\/Abgdbrasil","article_published_time":"2025-02-10T20:19:10+00:00","article_modified_time":"2025-10-16T13:52:14+00:00","og_image":[{"width":369,"height":590,"url":"https:\/\/www.abgd.com.br\/portal\/wp-content\/uploads\/2025\/02\/A-COP30-e-o-potencial-sustentavel-da-geracao-distribuida.webp","type":"image\/webp"}],"author":"marketing-go","twitter_card":"summary_large_image","twitter_misc":{"Escrito por":"marketing-go","Est. tempo de leitura":"2 minutos"},"schema":{"@context":"https:\/\/schema.org","@graph":[{"@type":"Article","@id":"https:\/\/www.abgd.com.br\/portal\/geracao-distribuida-sustentavel-oportunidades-e-desafios-no-brasil\/#article","isPartOf":{"@id":"https:\/\/www.abgd.com.br\/portal\/geracao-distribuida-sustentavel-oportunidades-e-desafios-no-brasil\/"},"author":{"name":"marketing-go","@id":"https:\/\/www.abgd.com.br\/portal\/#\/schema\/person\/9cd8d7f269f319517f064de637cc7091"},"headline":"Gera\u00e7\u00e3o Distribu\u00edda Sustent\u00e1vel: Oportunidades e Desafios no Brasil","datePublished":"2025-02-10T20:19:10+00:00","dateModified":"2025-10-16T13:52:14+00:00","mainEntityOfPage":{"@id":"https:\/\/www.abgd.com.br\/portal\/geracao-distribuida-sustentavel-oportunidades-e-desafios-no-brasil\/"},"wordCount":308,"commentCount":9,"publisher":{"@id":"https:\/\/www.abgd.com.br\/portal\/#organization"},"image":{"@id":"https:\/\/www.abgd.com.br\/portal\/geracao-distribuida-sustentavel-oportunidades-e-desafios-no-brasil\/#primaryimage"},"thumbnailUrl":"https:\/\/www.abgd.com.br\/portal\/wp-content\/uploads\/2025\/02\/A-COP30-e-o-potencial-sustentavel-da-geracao-distribuida.webp","articleSection":["COP30"],"inLanguage":"pt-BR","potentialAction":[{"@type":"CommentAction","name":"Comment","target":["https:\/\/www.abgd.com.br\/portal\/geracao-distribuida-sustentavel-oportunidades-e-desafios-no-brasil\/#respond"]}]},{"@type":"WebPage","@id":"https:\/\/www.abgd.com.br\/portal\/geracao-distribuida-sustentavel-oportunidades-e-desafios-no-brasil\/","url":"https:\/\/www.abgd.com.br\/portal\/geracao-distribuida-sustentavel-oportunidades-e-desafios-no-brasil\/","name":"Gera\u00e7\u00e3o Distribu\u00edda Sustent\u00e1vel: Oportunidades e Desafios - ABGD","isPartOf":{"@id":"https:\/\/www.abgd.com.br\/portal\/#website"},"primaryImageOfPage":{"@id":"https:\/\/www.abgd.com.br\/portal\/geracao-distribuida-sustentavel-oportunidades-e-desafios-no-brasil\/#primaryimage"},"image":{"@id":"https:\/\/www.abgd.com.br\/portal\/geracao-distribuida-sustentavel-oportunidades-e-desafios-no-brasil\/#primaryimage"},"thumbnailUrl":"https:\/\/www.abgd.com.br\/portal\/wp-content\/uploads\/2025\/02\/A-COP30-e-o-potencial-sustentavel-da-geracao-distribuida.webp","datePublished":"2025-02-10T20:19:10+00:00","dateModified":"2025-10-16T13:52:14+00:00","description":"Descubra como a gera\u00e7\u00e3o distribu\u00edda sustent\u00e1vel pode impulsionar a transi\u00e7\u00e3o energ\u00e9tica no Brasil, promovendo energia limpa e investimentos.","breadcrumb":{"@id":"https:\/\/www.abgd.com.br\/portal\/geracao-distribuida-sustentavel-oportunidades-e-desafios-no-brasil\/#breadcrumb"},"inLanguage":"pt-BR","potentialAction":[{"@type":"ReadAction","target":["https:\/\/www.abgd.com.br\/portal\/geracao-distribuida-sustentavel-oportunidades-e-desafios-no-brasil\/"]}]},{"@type":"ImageObject","inLanguage":"pt-BR","@id":"https:\/\/www.abgd.com.br\/portal\/geracao-distribuida-sustentavel-oportunidades-e-desafios-no-brasil\/#primaryimage","url":"https:\/\/www.abgd.com.br\/portal\/wp-content\/uploads\/2025\/02\/A-COP30-e-o-potencial-sustentavel-da-geracao-distribuida.webp","contentUrl":"https:\/\/www.abgd.com.br\/portal\/wp-content\/uploads\/2025\/02\/A-COP30-e-o-potencial-sustentavel-da-geracao-distribuida.webp","width":369,"height":590,"caption":"gera\u00e7\u00e3o distribu\u00edda sustent\u00e1vel"},{"@type":"BreadcrumbList","@id":"https:\/\/www.abgd.com.br\/portal\/geracao-distribuida-sustentavel-oportunidades-e-desafios-no-brasil\/#breadcrumb","itemListElement":[{"@type":"ListItem","position":1,"name":"In\u00edcio","item":"https:\/\/www.abgd.com.br\/portal\/"},{"@type":"ListItem","position":2,"name":"Gera\u00e7\u00e3o Distribu\u00edda Sustent\u00e1vel: Oportunidades e Desafios no Brasil"}]},{"@type":"WebSite","@id":"https:\/\/www.abgd.com.br\/portal\/#website","url":"https:\/\/www.abgd.com.br\/portal\/","name":"ABGD","description":"","publisher":{"@id":"https:\/\/www.abgd.com.br\/portal\/#organization"},"potentialAction":[{"@type":"SearchAction","target":{"@type":"EntryPoint","urlTemplate":"https:\/\/www.abgd.com.br\/portal\/?s={search_term_string}"},"query-input":{"@type":"PropertyValueSpecification","valueRequired":true,"valueName":"search_term_string"}}],"inLanguage":"pt-BR"},{"@type":"Organization","@id":"https:\/\/www.abgd.com.br\/portal\/#organization","name":"ABGD","url":"https:\/\/www.abgd.com.br\/portal\/","logo":{"@type":"ImageObject","inLanguage":"pt-BR","@id":"https:\/\/www.abgd.com.br\/portal\/#\/schema\/logo\/image\/","url":"https:\/\/www.abgd.com.br\/portal\/wp-content\/uploads\/2025\/09\/ABGD-AZUL.webp","contentUrl":"https:\/\/www.abgd.com.br\/portal\/wp-content\/uploads\/2025\/09\/ABGD-AZUL.webp","width":641,"height":219,"caption":"ABGD"},"image":{"@id":"https:\/\/www.abgd.com.br\/portal\/#\/schema\/logo\/image\/"},"sameAs":["https:\/\/www.facebook.com\/Abgdbrasil","https:\/\/www.instagram.com\/abgd_oficial\/","https:\/\/www.linkedin.com\/company\/abgd\/","https:\/\/www.youtube.com\/@ABGDoficial"]},{"@type":"Person","@id":"https:\/\/www.abgd.com.br\/portal\/#\/schema\/person\/9cd8d7f269f319517f064de637cc7091","name":"marketing-go","image":{"@type":"ImageObject","inLanguage":"pt-BR","@id":"https:\/\/secure.gravatar.com\/avatar\/912ba1de83c4475b871b9b8a259e744e73f252bfd3a806151bf87f961eecfda8?s=96&d=mm&r=g","url":"https:\/\/secure.gravatar.com\/avatar\/912ba1de83c4475b871b9b8a259e744e73f252bfd3a806151bf87f961eecfda8?s=96&d=mm&r=g","contentUrl":"https:\/\/secure.gravatar.com\/avatar\/912ba1de83c4475b871b9b8a259e744e73f252bfd3a806151bf87f961eecfda8?s=96&d=mm&r=g","caption":"marketing-go"},"sameAs":["https:\/\/www.abgd.com.br\/portal"],"url":"https:\/\/www.abgd.com.br\/portal\/author\/marketing-go\/"}]}},"_links":{"self":[{"href":"https:\/\/www.abgd.com.br\/portal\/wp-json\/wp\/v2\/posts\/5852","targetHints":{"allow":["GET"]}}],"collection":[{"href":"https:\/\/www.abgd.com.br\/portal\/wp-json\/wp\/v2\/posts"}],"about":[{"href":"https:\/\/www.abgd.com.br\/portal\/wp-json\/wp\/v2\/types\/post"}],"author":[{"embeddable":true,"href":"https:\/\/www.abgd.com.br\/portal\/wp-json\/wp\/v2\/users\/1"}],"replies":[{"embeddable":true,"href":"https:\/\/www.abgd.com.br\/portal\/wp-json\/wp\/v2\/comments?post=5852"}],"version-history":[{"count":3,"href":"https:\/\/www.abgd.com.br\/portal\/wp-json\/wp\/v2\/posts\/5852\/revisions"}],"predecessor-version":[{"id":6961,"href":"https:\/\/www.abgd.com.br\/portal\/wp-json\/wp\/v2\/posts\/5852\/revisions\/6961"}],"wp:featuredmedia":[{"embeddable":true,"href":"https:\/\/www.abgd.com.br\/portal\/wp-json\/wp\/v2\/media\/6081"}],"wp:attachment":[{"href":"https:\/\/www.abgd.com.br\/portal\/wp-json\/wp\/v2\/media?parent=5852"}],"wp:term":[{"taxonomy":"category","embeddable":true,"href":"https:\/\/www.abgd.com.br\/portal\/wp-json\/wp\/v2\/categories?post=5852"},{"taxonomy":"post_tag","embeddable":true,"href":"https:\/\/www.abgd.com.br\/portal\/wp-json\/wp\/v2\/tags?post=5852"}],"curies":[{"name":"wp","href":"https:\/\/api.w.org\/{rel}","templated":true}]}}