{"id":5589,"date":"2024-09-17T16:37:34","date_gmt":"2024-09-17T19:37:34","guid":{"rendered":"https:\/\/www.abgd.com.br\/portal\/?p=5589"},"modified":"2025-10-29T09:57:39","modified_gmt":"2025-10-29T12:57:39","slug":"bandeira-tarifaria-vermelha-e-energias-renovaveis","status":"publish","type":"post","link":"https:\/\/www.abgd.com.br\/portal\/bandeira-tarifaria-vermelha-e-energias-renovaveis\/","title":{"rendered":"Bandeira Tarif\u00e1ria Vermelha: Como as Energias Renov\u00e1veis Podem Reduzir o Custo da Sua Conta de Luz"},"content":{"rendered":"<h2 data-start=\"102\" data-end=\"188\"><strong data-start=\"102\" data-end=\"186\">Bandeira Tarif\u00e1ria Vermelha: por que investir em energias renov\u00e1veis \u00e9 essencial<\/strong><\/h2>\n<p data-start=\"190\" data-end=\"514\">A bandeira tarif\u00e1ria vermelha \u00e9 um alerta: precisamos buscar solu\u00e7\u00f5es mais sustent\u00e1veis e eficientes para o nosso sistema energ\u00e9tico. A energia renov\u00e1vel surge como uma oportunidade \u00fanica para reduzir a depend\u00eancia de fontes f\u00f3sseis, estabilizar os pre\u00e7os da energia e construir um futuro mais limpo e pr\u00f3spero para todos.<\/p>\n<p data-start=\"516\" data-end=\"700\"><strong data-start=\"516\" data-end=\"558\">O que \u00e9 a Bandeira Tarif\u00e1ria Vermelha?<\/strong><br data-start=\"558\" data-end=\"561\" \/>Ela \u00e9 acionada quando a produ\u00e7\u00e3o de energia fica mais cara, geralmente pelo uso de termel\u00e9tricas, aumentando o valor da sua conta de luz.<\/p>\n<p data-start=\"702\" data-end=\"894\"><strong data-start=\"702\" data-end=\"728\">Por que isso acontece?<\/strong><br data-start=\"728\" data-end=\"731\" \/>Fontes tradicionais de energia, como hidrel\u00e9tricas e termel\u00e9tricas, se tornam mais caras em per\u00edodos de seca ou alta demanda, refletindo diretamente nas tarifas.<\/p>\n<p data-start=\"896\" data-end=\"1108\"><strong data-start=\"896\" data-end=\"941\">Como as energias renov\u00e1veis podem ajudar?<\/strong><br data-start=\"941\" data-end=\"944\" \/>Fontes como solar e e\u00f3lica reduzem a depend\u00eancia de energia cara, tornando o sistema el\u00e9trico mais est\u00e1vel e contribuindo para a manuten\u00e7\u00e3o de custos mais baixos.<\/p>\n<p data-start=\"1110\" data-end=\"1287\"><strong data-start=\"1110\" data-end=\"1136\">Benef\u00edcios para todos!<\/strong><br data-start=\"1136\" data-end=\"1139\" \/>Investir em energias renov\u00e1veis ajuda a diminuir as oscila\u00e7\u00f5es na conta de luz e promove um futuro sustent\u00e1vel para a sociedade e o meio ambiente.<\/p>\n<p data-start=\"1289\" data-end=\"1497\">Na ABGD, nossos associados oferecem solu\u00e7\u00f5es completas, desde a cria\u00e7\u00e3o da sua pr\u00f3pria usina at\u00e9 a comercializa\u00e7\u00e3o de energia solar. Acesse nosso marketplace e encontre a empresa ideal para sua necessidade.<\/p>\n","protected":false},"excerpt":{"rendered":"<p>Bandeira Tarif\u00e1ria Vermelha: por que investir em energias renov\u00e1veis \u00e9 essencial A bandeira tarif\u00e1ria vermelha \u00e9 um alerta: precisamos buscar solu\u00e7\u00f5es mais sustent\u00e1veis e eficientes para o nosso sistema energ\u00e9tico. A energia renov\u00e1vel surge como uma oportunidade \u00fanica para reduzir a depend\u00eancia de fontes f\u00f3sseis, estabilizar os pre\u00e7os da energia e construir um futuro mais [&hellip;]<\/p>\n","protected":false},"author":1,"featured_media":7063,"comment_status":"open","ping_status":"open","sticky":false,"template":"","format":"standard","meta":{"_acf_changed":false,"_monsterinsights_skip_tracking":false,"_monsterinsights_sitenote_active":false,"_monsterinsights_sitenote_note":"","_monsterinsights_sitenote_category":0,"footnotes":""},"categories":[6],"tags":[],"class_list":["post-5589","post","type-post","status-publish","format-standard","has-post-thumbnail","hentry","category-noticias"],"acf":[],"yoast_head":"<!-- This site is optimized with the Yoast SEO plugin v27.2 - https:\/\/yoast.com\/product\/yoast-seo-wordpress\/ -->\n<title>Bandeira Tarif\u00e1ria Vermelha: Reduza sua Conta - ABGD<\/title>\n<meta name=\"description\" content=\"A bandeira tarif\u00e1ria vermelha indica altos custos de energia, investir em energias renov\u00e1veis, como solar e e\u00f3lica, pode reduzir sua conta.\" \/>\n<meta name=\"robots\" content=\"index, follow, max-snippet:-1, max-image-preview:large, max-video-preview:-1\" \/>\n<link rel=\"canonical\" href=\"https:\/\/www.abgd.com.br\/portal\/bandeira-tarifaria-vermelha-e-energias-renovaveis\/\" \/>\n<meta property=\"og:locale\" content=\"pt_BR\" \/>\n<meta property=\"og:type\" content=\"article\" \/>\n<meta property=\"og:title\" content=\"Bandeira Tarif\u00e1ria Vermelha: Reduza sua Conta - ABGD\" \/>\n<meta property=\"og:description\" content=\"A bandeira tarif\u00e1ria vermelha indica altos custos de energia, investir em energias renov\u00e1veis, como solar e e\u00f3lica, pode reduzir sua conta.\" \/>\n<meta property=\"og:url\" content=\"https:\/\/www.abgd.com.br\/portal\/bandeira-tarifaria-vermelha-e-energias-renovaveis\/\" \/>\n<meta property=\"og:site_name\" content=\"ABGD\" \/>\n<meta property=\"article:publisher\" content=\"https:\/\/www.facebook.com\/Abgdbrasil\" \/>\n<meta property=\"article:published_time\" content=\"2024-09-17T19:37:34+00:00\" \/>\n<meta property=\"article:modified_time\" content=\"2025-10-29T12:57:39+00:00\" \/>\n<meta property=\"og:image\" content=\"https:\/\/www.abgd.com.br\/portal\/wp-content\/uploads\/2025\/10\/O-Brasil-e-a-geracao-propria-de-energia-1.webp\" \/>\n\t<meta property=\"og:image:width\" content=\"1080\" \/>\n\t<meta property=\"og:image:height\" content=\"1080\" \/>\n\t<meta property=\"og:image:type\" content=\"image\/webp\" \/>\n<meta name=\"author\" content=\"marketing-go\" \/>\n<meta name=\"twitter:card\" content=\"summary_large_image\" \/>\n<meta name=\"twitter:label1\" content=\"Escrito por\" \/>\n\t<meta name=\"twitter:data1\" content=\"marketing-go\" \/>\n\t<meta name=\"twitter:label2\" content=\"Est. tempo de leitura\" \/>\n\t<meta name=\"twitter:data2\" content=\"2 minutos\" \/>\n<script type=\"application\/ld+json\" class=\"yoast-schema-graph\">{\"@context\":\"https:\/\/schema.org\",\"@graph\":[{\"@type\":\"Article\",\"@id\":\"https:\/\/www.abgd.com.br\/portal\/bandeira-tarifaria-vermelha-e-energias-renovaveis\/#article\",\"isPartOf\":{\"@id\":\"https:\/\/www.abgd.com.br\/portal\/bandeira-tarifaria-vermelha-e-energias-renovaveis\/\"},\"author\":{\"name\":\"marketing-go\",\"@id\":\"https:\/\/www.abgd.com.br\/portal\/#\/schema\/person\/9cd8d7f269f319517f064de637cc7091\"},\"headline\":\"Bandeira Tarif\u00e1ria Vermelha: Como as Energias Renov\u00e1veis Podem Reduzir o Custo da Sua Conta de Luz\",\"datePublished\":\"2024-09-17T19:37:34+00:00\",\"dateModified\":\"2025-10-29T12:57:39+00:00\",\"mainEntityOfPage\":{\"@id\":\"https:\/\/www.abgd.com.br\/portal\/bandeira-tarifaria-vermelha-e-energias-renovaveis\/\"},\"wordCount\":254,\"commentCount\":0,\"publisher\":{\"@id\":\"https:\/\/www.abgd.com.br\/portal\/#organization\"},\"image\":{\"@id\":\"https:\/\/www.abgd.com.br\/portal\/bandeira-tarifaria-vermelha-e-energias-renovaveis\/#primaryimage\"},\"thumbnailUrl\":\"https:\/\/www.abgd.com.br\/portal\/wp-content\/uploads\/2025\/10\/O-Brasil-e-a-geracao-propria-de-energia-1.webp\",\"articleSection\":[\"Not\u00edcias\"],\"inLanguage\":\"pt-BR\",\"potentialAction\":[{\"@type\":\"CommentAction\",\"name\":\"Comment\",\"target\":[\"https:\/\/www.abgd.com.br\/portal\/bandeira-tarifaria-vermelha-e-energias-renovaveis\/#respond\"]}]},{\"@type\":\"WebPage\",\"@id\":\"https:\/\/www.abgd.com.br\/portal\/bandeira-tarifaria-vermelha-e-energias-renovaveis\/\",\"url\":\"https:\/\/www.abgd.com.br\/portal\/bandeira-tarifaria-vermelha-e-energias-renovaveis\/\",\"name\":\"Bandeira Tarif\u00e1ria Vermelha: Reduza sua Conta - ABGD\",\"isPartOf\":{\"@id\":\"https:\/\/www.abgd.com.br\/portal\/#website\"},\"primaryImageOfPage\":{\"@id\":\"https:\/\/www.abgd.com.br\/portal\/bandeira-tarifaria-vermelha-e-energias-renovaveis\/#primaryimage\"},\"image\":{\"@id\":\"https:\/\/www.abgd.com.br\/portal\/bandeira-tarifaria-vermelha-e-energias-renovaveis\/#primaryimage\"},\"thumbnailUrl\":\"https:\/\/www.abgd.com.br\/portal\/wp-content\/uploads\/2025\/10\/O-Brasil-e-a-geracao-propria-de-energia-1.webp\",\"datePublished\":\"2024-09-17T19:37:34+00:00\",\"dateModified\":\"2025-10-29T12:57:39+00:00\",\"description\":\"A bandeira tarif\u00e1ria vermelha indica altos custos de energia, investir em energias renov\u00e1veis, como solar e e\u00f3lica, pode reduzir sua conta.\",\"breadcrumb\":{\"@id\":\"https:\/\/www.abgd.com.br\/portal\/bandeira-tarifaria-vermelha-e-energias-renovaveis\/#breadcrumb\"},\"inLanguage\":\"pt-BR\",\"potentialAction\":[{\"@type\":\"ReadAction\",\"target\":[\"https:\/\/www.abgd.com.br\/portal\/bandeira-tarifaria-vermelha-e-energias-renovaveis\/\"]}]},{\"@type\":\"ImageObject\",\"inLanguage\":\"pt-BR\",\"@id\":\"https:\/\/www.abgd.com.br\/portal\/bandeira-tarifaria-vermelha-e-energias-renovaveis\/#primaryimage\",\"url\":\"https:\/\/www.abgd.com.br\/portal\/wp-content\/uploads\/2025\/10\/O-Brasil-e-a-geracao-propria-de-energia-1.webp\",\"contentUrl\":\"https:\/\/www.abgd.com.br\/portal\/wp-content\/uploads\/2025\/10\/O-Brasil-e-a-geracao-propria-de-energia-1.webp\",\"width\":1080,\"height\":1080,\"caption\":\"Bandeira Tarif\u00e1ria Vermelha\"},{\"@type\":\"BreadcrumbList\",\"@id\":\"https:\/\/www.abgd.com.br\/portal\/bandeira-tarifaria-vermelha-e-energias-renovaveis\/#breadcrumb\",\"itemListElement\":[{\"@type\":\"ListItem\",\"position\":1,\"name\":\"In\u00edcio\",\"item\":\"https:\/\/www.abgd.com.br\/portal\/\"},{\"@type\":\"ListItem\",\"position\":2,\"name\":\"Bandeira Tarif\u00e1ria Vermelha: Como as Energias Renov\u00e1veis Podem Reduzir o Custo da Sua Conta de Luz\"}]},{\"@type\":\"WebSite\",\"@id\":\"https:\/\/www.abgd.com.br\/portal\/#website\",\"url\":\"https:\/\/www.abgd.com.br\/portal\/\",\"name\":\"ABGD\",\"description\":\"\",\"publisher\":{\"@id\":\"https:\/\/www.abgd.com.br\/portal\/#organization\"},\"potentialAction\":[{\"@type\":\"SearchAction\",\"target\":{\"@type\":\"EntryPoint\",\"urlTemplate\":\"https:\/\/www.abgd.com.br\/portal\/?s={search_term_string}\"},\"query-input\":{\"@type\":\"PropertyValueSpecification\",\"valueRequired\":true,\"valueName\":\"search_term_string\"}}],\"inLanguage\":\"pt-BR\"},{\"@type\":\"Organization\",\"@id\":\"https:\/\/www.abgd.com.br\/portal\/#organization\",\"name\":\"ABGD\",\"url\":\"https:\/\/www.abgd.com.br\/portal\/\",\"logo\":{\"@type\":\"ImageObject\",\"inLanguage\":\"pt-BR\",\"@id\":\"https:\/\/www.abgd.com.br\/portal\/#\/schema\/logo\/image\/\",\"url\":\"https:\/\/www.abgd.com.br\/portal\/wp-content\/uploads\/2025\/09\/ABGD-AZUL.webp\",\"contentUrl\":\"https:\/\/www.abgd.com.br\/portal\/wp-content\/uploads\/2025\/09\/ABGD-AZUL.webp\",\"width\":641,\"height\":219,\"caption\":\"ABGD\"},\"image\":{\"@id\":\"https:\/\/www.abgd.com.br\/portal\/#\/schema\/logo\/image\/\"},\"sameAs\":[\"https:\/\/www.facebook.com\/Abgdbrasil\",\"https:\/\/www.instagram.com\/abgd_oficial\/\",\"https:\/\/www.linkedin.com\/company\/abgd\/\",\"https:\/\/www.youtube.com\/@ABGDoficial\"]},{\"@type\":\"Person\",\"@id\":\"https:\/\/www.abgd.com.br\/portal\/#\/schema\/person\/9cd8d7f269f319517f064de637cc7091\",\"name\":\"marketing-go\",\"image\":{\"@type\":\"ImageObject\",\"inLanguage\":\"pt-BR\",\"@id\":\"https:\/\/secure.gravatar.com\/avatar\/912ba1de83c4475b871b9b8a259e744e73f252bfd3a806151bf87f961eecfda8?s=96&d=mm&r=g\",\"url\":\"https:\/\/secure.gravatar.com\/avatar\/912ba1de83c4475b871b9b8a259e744e73f252bfd3a806151bf87f961eecfda8?s=96&d=mm&r=g\",\"contentUrl\":\"https:\/\/secure.gravatar.com\/avatar\/912ba1de83c4475b871b9b8a259e744e73f252bfd3a806151bf87f961eecfda8?s=96&d=mm&r=g\",\"caption\":\"marketing-go\"},\"sameAs\":[\"https:\/\/www.abgd.com.br\/portal\"],\"url\":\"https:\/\/www.abgd.com.br\/portal\/author\/marketing-go\/\"}]}<\/script>\n<!-- \/ Yoast SEO plugin. -->","yoast_head_json":{"title":"Bandeira Tarif\u00e1ria Vermelha: Reduza sua Conta - ABGD","description":"A bandeira tarif\u00e1ria vermelha indica altos custos de energia, investir em energias renov\u00e1veis, como solar e e\u00f3lica, pode reduzir sua conta.","robots":{"index":"index","follow":"follow","max-snippet":"max-snippet:-1","max-image-preview":"max-image-preview:large","max-video-preview":"max-video-preview:-1"},"canonical":"https:\/\/www.abgd.com.br\/portal\/bandeira-tarifaria-vermelha-e-energias-renovaveis\/","og_locale":"pt_BR","og_type":"article","og_title":"Bandeira Tarif\u00e1ria Vermelha: Reduza sua Conta - ABGD","og_description":"A bandeira tarif\u00e1ria vermelha indica altos custos de energia, investir em energias renov\u00e1veis, como solar e e\u00f3lica, pode reduzir sua conta.","og_url":"https:\/\/www.abgd.com.br\/portal\/bandeira-tarifaria-vermelha-e-energias-renovaveis\/","og_site_name":"ABGD","article_publisher":"https:\/\/www.facebook.com\/Abgdbrasil","article_published_time":"2024-09-17T19:37:34+00:00","article_modified_time":"2025-10-29T12:57:39+00:00","og_image":[{"width":1080,"height":1080,"url":"https:\/\/www.abgd.com.br\/portal\/wp-content\/uploads\/2025\/10\/O-Brasil-e-a-geracao-propria-de-energia-1.webp","type":"image\/webp"}],"author":"marketing-go","twitter_card":"summary_large_image","twitter_misc":{"Escrito por":"marketing-go","Est. tempo de leitura":"2 minutos"},"schema":{"@context":"https:\/\/schema.org","@graph":[{"@type":"Article","@id":"https:\/\/www.abgd.com.br\/portal\/bandeira-tarifaria-vermelha-e-energias-renovaveis\/#article","isPartOf":{"@id":"https:\/\/www.abgd.com.br\/portal\/bandeira-tarifaria-vermelha-e-energias-renovaveis\/"},"author":{"name":"marketing-go","@id":"https:\/\/www.abgd.com.br\/portal\/#\/schema\/person\/9cd8d7f269f319517f064de637cc7091"},"headline":"Bandeira Tarif\u00e1ria Vermelha: Como as Energias Renov\u00e1veis Podem Reduzir o Custo da Sua Conta de Luz","datePublished":"2024-09-17T19:37:34+00:00","dateModified":"2025-10-29T12:57:39+00:00","mainEntityOfPage":{"@id":"https:\/\/www.abgd.com.br\/portal\/bandeira-tarifaria-vermelha-e-energias-renovaveis\/"},"wordCount":254,"commentCount":0,"publisher":{"@id":"https:\/\/www.abgd.com.br\/portal\/#organization"},"image":{"@id":"https:\/\/www.abgd.com.br\/portal\/bandeira-tarifaria-vermelha-e-energias-renovaveis\/#primaryimage"},"thumbnailUrl":"https:\/\/www.abgd.com.br\/portal\/wp-content\/uploads\/2025\/10\/O-Brasil-e-a-geracao-propria-de-energia-1.webp","articleSection":["Not\u00edcias"],"inLanguage":"pt-BR","potentialAction":[{"@type":"CommentAction","name":"Comment","target":["https:\/\/www.abgd.com.br\/portal\/bandeira-tarifaria-vermelha-e-energias-renovaveis\/#respond"]}]},{"@type":"WebPage","@id":"https:\/\/www.abgd.com.br\/portal\/bandeira-tarifaria-vermelha-e-energias-renovaveis\/","url":"https:\/\/www.abgd.com.br\/portal\/bandeira-tarifaria-vermelha-e-energias-renovaveis\/","name":"Bandeira Tarif\u00e1ria Vermelha: Reduza sua Conta - ABGD","isPartOf":{"@id":"https:\/\/www.abgd.com.br\/portal\/#website"},"primaryImageOfPage":{"@id":"https:\/\/www.abgd.com.br\/portal\/bandeira-tarifaria-vermelha-e-energias-renovaveis\/#primaryimage"},"image":{"@id":"https:\/\/www.abgd.com.br\/portal\/bandeira-tarifaria-vermelha-e-energias-renovaveis\/#primaryimage"},"thumbnailUrl":"https:\/\/www.abgd.com.br\/portal\/wp-content\/uploads\/2025\/10\/O-Brasil-e-a-geracao-propria-de-energia-1.webp","datePublished":"2024-09-17T19:37:34+00:00","dateModified":"2025-10-29T12:57:39+00:00","description":"A bandeira tarif\u00e1ria vermelha indica altos custos de energia, investir em energias renov\u00e1veis, como solar e e\u00f3lica, pode reduzir sua conta.","breadcrumb":{"@id":"https:\/\/www.abgd.com.br\/portal\/bandeira-tarifaria-vermelha-e-energias-renovaveis\/#breadcrumb"},"inLanguage":"pt-BR","potentialAction":[{"@type":"ReadAction","target":["https:\/\/www.abgd.com.br\/portal\/bandeira-tarifaria-vermelha-e-energias-renovaveis\/"]}]},{"@type":"ImageObject","inLanguage":"pt-BR","@id":"https:\/\/www.abgd.com.br\/portal\/bandeira-tarifaria-vermelha-e-energias-renovaveis\/#primaryimage","url":"https:\/\/www.abgd.com.br\/portal\/wp-content\/uploads\/2025\/10\/O-Brasil-e-a-geracao-propria-de-energia-1.webp","contentUrl":"https:\/\/www.abgd.com.br\/portal\/wp-content\/uploads\/2025\/10\/O-Brasil-e-a-geracao-propria-de-energia-1.webp","width":1080,"height":1080,"caption":"Bandeira Tarif\u00e1ria Vermelha"},{"@type":"BreadcrumbList","@id":"https:\/\/www.abgd.com.br\/portal\/bandeira-tarifaria-vermelha-e-energias-renovaveis\/#breadcrumb","itemListElement":[{"@type":"ListItem","position":1,"name":"In\u00edcio","item":"https:\/\/www.abgd.com.br\/portal\/"},{"@type":"ListItem","position":2,"name":"Bandeira Tarif\u00e1ria Vermelha: Como as Energias Renov\u00e1veis Podem Reduzir o Custo da Sua Conta de Luz"}]},{"@type":"WebSite","@id":"https:\/\/www.abgd.com.br\/portal\/#website","url":"https:\/\/www.abgd.com.br\/portal\/","name":"ABGD","description":"","publisher":{"@id":"https:\/\/www.abgd.com.br\/portal\/#organization"},"potentialAction":[{"@type":"SearchAction","target":{"@type":"EntryPoint","urlTemplate":"https:\/\/www.abgd.com.br\/portal\/?s={search_term_string}"},"query-input":{"@type":"PropertyValueSpecification","valueRequired":true,"valueName":"search_term_string"}}],"inLanguage":"pt-BR"},{"@type":"Organization","@id":"https:\/\/www.abgd.com.br\/portal\/#organization","name":"ABGD","url":"https:\/\/www.abgd.com.br\/portal\/","logo":{"@type":"ImageObject","inLanguage":"pt-BR","@id":"https:\/\/www.abgd.com.br\/portal\/#\/schema\/logo\/image\/","url":"https:\/\/www.abgd.com.br\/portal\/wp-content\/uploads\/2025\/09\/ABGD-AZUL.webp","contentUrl":"https:\/\/www.abgd.com.br\/portal\/wp-content\/uploads\/2025\/09\/ABGD-AZUL.webp","width":641,"height":219,"caption":"ABGD"},"image":{"@id":"https:\/\/www.abgd.com.br\/portal\/#\/schema\/logo\/image\/"},"sameAs":["https:\/\/www.facebook.com\/Abgdbrasil","https:\/\/www.instagram.com\/abgd_oficial\/","https:\/\/www.linkedin.com\/company\/abgd\/","https:\/\/www.youtube.com\/@ABGDoficial"]},{"@type":"Person","@id":"https:\/\/www.abgd.com.br\/portal\/#\/schema\/person\/9cd8d7f269f319517f064de637cc7091","name":"marketing-go","image":{"@type":"ImageObject","inLanguage":"pt-BR","@id":"https:\/\/secure.gravatar.com\/avatar\/912ba1de83c4475b871b9b8a259e744e73f252bfd3a806151bf87f961eecfda8?s=96&d=mm&r=g","url":"https:\/\/secure.gravatar.com\/avatar\/912ba1de83c4475b871b9b8a259e744e73f252bfd3a806151bf87f961eecfda8?s=96&d=mm&r=g","contentUrl":"https:\/\/secure.gravatar.com\/avatar\/912ba1de83c4475b871b9b8a259e744e73f252bfd3a806151bf87f961eecfda8?s=96&d=mm&r=g","caption":"marketing-go"},"sameAs":["https:\/\/www.abgd.com.br\/portal"],"url":"https:\/\/www.abgd.com.br\/portal\/author\/marketing-go\/"}]}},"_links":{"self":[{"href":"https:\/\/www.abgd.com.br\/portal\/wp-json\/wp\/v2\/posts\/5589","targetHints":{"allow":["GET"]}}],"collection":[{"href":"https:\/\/www.abgd.com.br\/portal\/wp-json\/wp\/v2\/posts"}],"about":[{"href":"https:\/\/www.abgd.com.br\/portal\/wp-json\/wp\/v2\/types\/post"}],"author":[{"embeddable":true,"href":"https:\/\/www.abgd.com.br\/portal\/wp-json\/wp\/v2\/users\/1"}],"replies":[{"embeddable":true,"href":"https:\/\/www.abgd.com.br\/portal\/wp-json\/wp\/v2\/comments?post=5589"}],"version-history":[{"count":3,"href":"https:\/\/www.abgd.com.br\/portal\/wp-json\/wp\/v2\/posts\/5589\/revisions"}],"predecessor-version":[{"id":7481,"href":"https:\/\/www.abgd.com.br\/portal\/wp-json\/wp\/v2\/posts\/5589\/revisions\/7481"}],"wp:featuredmedia":[{"embeddable":true,"href":"https:\/\/www.abgd.com.br\/portal\/wp-json\/wp\/v2\/media\/7063"}],"wp:attachment":[{"href":"https:\/\/www.abgd.com.br\/portal\/wp-json\/wp\/v2\/media?parent=5589"}],"wp:term":[{"taxonomy":"category","embeddable":true,"href":"https:\/\/www.abgd.com.br\/portal\/wp-json\/wp\/v2\/categories?post=5589"},{"taxonomy":"post_tag","embeddable":true,"href":"https:\/\/www.abgd.com.br\/portal\/wp-json\/wp\/v2\/tags?post=5589"}],"curies":[{"name":"wp","href":"https:\/\/api.w.org\/{rel}","templated":true}]}}