{"id":5582,"date":"2024-09-12T07:43:27","date_gmt":"2024-09-12T10:43:27","guid":{"rendered":"https:\/\/www.abgd.com.br\/portal\/?p=5582"},"modified":"2025-10-28T13:57:53","modified_gmt":"2025-10-28T16:57:53","slug":"the-smarter-e-south-america-2024-crescimento-de-energia-renovavel-e-mais-de-650-expositores","status":"publish","type":"post","link":"https:\/\/www.abgd.com.br\/portal\/the-smarter-e-south-america-2024-crescimento-de-energia-renovavel-e-mais-de-650-expositores\/","title":{"rendered":"The Smarter E South America 2024: crescimento de energia renov\u00e1vel e mais de 650 expositores"},"content":{"rendered":"<h2 data-start=\"108\" data-end=\"233\">Crescimento da energia renov\u00e1vel no Brasil: The Smarter E South America 2024 re\u00fane mais de 650 expositores e cresce 20%<\/h2>\n<p data-start=\"235\" data-end=\"675\">O <strong data-start=\"237\" data-end=\"273\">The Smarter E South America 2024<\/strong>, maior plataforma latino-americana de energias renov\u00e1veis e mobilidade, encerrou sua edi\u00e7\u00e3o deste ano com n\u00fameros impressionantes. O evento contou com <strong data-start=\"425\" data-end=\"452\">mais de 650 expositores<\/strong> e atraiu cerca de <strong data-start=\"471\" data-end=\"492\">55 mil visitantes<\/strong> de 50 pa\u00edses. Al\u00e9m disso, mais de <strong data-start=\"527\" data-end=\"552\">2,5 mil participantes<\/strong> se inscreveram em quatro congressos paralelos, com a presen\u00e7a de <strong data-start=\"618\" data-end=\"641\">172 l\u00edderes globais<\/strong> da cadeia de energia renov\u00e1vel.<\/p>\n<p data-start=\"677\" data-end=\"992\">O crescimento de <strong data-start=\"694\" data-end=\"727\">mais de 20% em rela\u00e7\u00e3o a 2023<\/strong> evidencia o amadurecimento do setor no Brasil, que j\u00e1 se destaca por ter uma das matrizes energ\u00e9ticas mais limpas do mundo. A energia solar, por exemplo, alcan\u00e7a atualmente <strong data-start=\"901\" data-end=\"934\">46 GW de capacidade instalada<\/strong>, com previs\u00e3o de <strong data-start=\"952\" data-end=\"989\">2 GW adicionais at\u00e9 o fim de 2024<\/strong>.<\/p>\n<p data-start=\"994\" data-end=\"1393\">O evento reuniu as feiras e confer\u00eancias <strong data-start=\"1035\" data-end=\"1116\">Intersolar South America, ees South America, Eletrotec+EM-Power South America<\/strong> e <strong data-start=\"1119\" data-end=\"1148\">Power2Drive South America<\/strong>, abordando novas tend\u00eancias, tecnologias emergentes e pol\u00edticas p\u00fablicas para o setor. A expans\u00e3o da \u00e1rea expositiva e a participa\u00e7\u00e3o de diversos players internacionais refor\u00e7am o <strong data-start=\"1329\" data-end=\"1390\">papel do Brasil como l\u00edder na transi\u00e7\u00e3o energ\u00e9tica global<\/strong>.<\/p>\n<p data-start=\"1395\" data-end=\"1815\">Segundo a <a href=\"http:\/\/abgd.com.br\/portal\/quem-somos\/\"><strong data-start=\"1405\" data-end=\"1460\">Associa\u00e7\u00e3o Brasileira de Gera\u00e7\u00e3o Distribu\u00edda (ABGD)<\/strong><\/a>, o sucesso do evento tamb\u00e9m evidencia a import\u00e2ncia da <strong data-start=\"1516\" data-end=\"1539\">gera\u00e7\u00e3o distribu\u00edda<\/strong>, especialmente solar, como um pilar estrat\u00e9gico para o desenvolvimento do setor el\u00e9trico brasileiro. O pa\u00eds se consolida como refer\u00eancia global na ado\u00e7\u00e3o de energias renov\u00e1veis, com tecnologias que promovem a <strong data-start=\"1749\" data-end=\"1812\">descentraliza\u00e7\u00e3o e democratiza\u00e7\u00e3o do acesso \u00e0 energia limpa<\/strong>.<\/p>\n<p data-start=\"1817\" data-end=\"2045\">Entre os destaques da edi\u00e7\u00e3o, esteve a estreia do <strong data-start=\"1867\" data-end=\"1896\">Power2Drive South America<\/strong>, voltado \u00e0 <strong data-start=\"1908\" data-end=\"1928\">eletromobilidade<\/strong> e infraestrutura de recarga, refor\u00e7ando o papel crescente dos ve\u00edculos el\u00e9tricos na descarboniza\u00e7\u00e3o do transporte.<\/p>\n<p data-start=\"2047\" data-end=\"2379\">Outro ponto de aten\u00e7\u00e3o foi a expans\u00e3o da \u00e1rea de <strong data-start=\"2096\" data-end=\"2124\">armazenamento de energia<\/strong>, apresentada pela <strong data-start=\"2143\" data-end=\"2164\">ees South America<\/strong>, que dobrou em tamanho em rela\u00e7\u00e3o \u00e0 edi\u00e7\u00e3o anterior. O armazenamento \u00e9 essencial para garantir a <strong data-start=\"2262\" data-end=\"2300\">confiabilidade do sistema el\u00e9trico<\/strong>, especialmente com a crescente ado\u00e7\u00e3o de fontes intermitentes, como a solar.<\/p>\n<p data-start=\"2381\" data-end=\"2621\">A <strong data-start=\"2383\" data-end=\"2432\">pr\u00f3xima edi\u00e7\u00e3o do The Smarter E South America<\/strong> j\u00e1 est\u00e1 confirmada para <strong data-start=\"2457\" data-end=\"2486\">26 a 28 de agosto de 2025<\/strong>, no <strong data-start=\"2491\" data-end=\"2526\">Expo Center Norte, em S\u00e3o Paulo<\/strong>, prometendo continuar impulsionando o crescimento do setor de energias renov\u00e1veis no Brasil.<\/p>\n<p><iframe title=\"ABGD na Intersolar: Networking e oportunidades imperd\u00edveis! | Cobertura do 1\u00ba dia de Evento\" width=\"800\" height=\"450\" src=\"https:\/\/www.youtube.com\/embed\/ucFhCK-xgcQ?feature=oembed\" frameborder=\"0\" allow=\"accelerometer; autoplay; clipboard-write; encrypted-media; gyroscope; picture-in-picture; web-share\" referrerpolicy=\"strict-origin-when-cross-origin\" allowfullscreen><\/iframe><\/p>\n<p>&nbsp;<\/p>\n","protected":false},"excerpt":{"rendered":"<p>Crescimento da energia renov\u00e1vel no Brasil: The Smarter E South America 2024 re\u00fane mais de 650 expositores e cresce 20% O The Smarter E South America 2024, maior plataforma latino-americana de energias renov\u00e1veis e mobilidade, encerrou sua edi\u00e7\u00e3o deste ano com n\u00fameros impressionantes. O evento contou com mais de 650 expositores e atraiu cerca de [&hellip;]<\/p>\n","protected":false},"author":1,"featured_media":6091,"comment_status":"open","ping_status":"open","sticky":false,"template":"","format":"standard","meta":{"_acf_changed":false,"_monsterinsights_skip_tracking":false,"_monsterinsights_sitenote_active":false,"_monsterinsights_sitenote_note":"","_monsterinsights_sitenote_category":0,"footnotes":""},"categories":[6],"tags":[52,53],"class_list":["post-5582","post","type-post","status-publish","format-standard","has-post-thumbnail","hentry","category-noticias","tag-energia-renovavel","tag-intersolar"],"acf":[],"yoast_head":"<!-- This site is optimized with the Yoast SEO plugin v27.2 - https:\/\/yoast.com\/product\/yoast-seo-wordpress\/ -->\n<title>The Smarter E South America 2024: energia renov\u00e1vel - ABGD<\/title>\n<meta name=\"description\" content=\"The Smarter E South America 2024 reuniu 650+ expositores e destacou o crescimento da energia renov\u00e1vel no Brasil.\" \/>\n<meta name=\"robots\" content=\"index, follow, max-snippet:-1, max-image-preview:large, max-video-preview:-1\" \/>\n<link rel=\"canonical\" href=\"https:\/\/www.abgd.com.br\/portal\/the-smarter-e-south-america-2024-crescimento-de-energia-renovavel-e-mais-de-650-expositores\/\" \/>\n<meta property=\"og:locale\" content=\"pt_BR\" \/>\n<meta property=\"og:type\" content=\"article\" \/>\n<meta property=\"og:title\" content=\"The Smarter E South America 2024: energia renov\u00e1vel - ABGD\" \/>\n<meta property=\"og:description\" content=\"The Smarter E South America 2024 reuniu 650+ expositores e destacou o crescimento da energia renov\u00e1vel no Brasil.\" \/>\n<meta property=\"og:url\" content=\"https:\/\/www.abgd.com.br\/portal\/the-smarter-e-south-america-2024-crescimento-de-energia-renovavel-e-mais-de-650-expositores\/\" \/>\n<meta property=\"og:site_name\" content=\"ABGD\" \/>\n<meta property=\"article:publisher\" content=\"https:\/\/www.facebook.com\/Abgdbrasil\" \/>\n<meta property=\"article:published_time\" content=\"2024-09-12T10:43:27+00:00\" \/>\n<meta property=\"article:modified_time\" content=\"2025-10-28T16:57:53+00:00\" \/>\n<meta property=\"og:image\" content=\"https:\/\/www.abgd.com.br\/portal\/wp-content\/uploads\/2024\/09\/Crescimento-da-energia-renovavel-no-Brasil-The-smarter-E-South-America-2024.webp\" \/>\n\t<meta property=\"og:image:width\" content=\"729\" \/>\n\t<meta property=\"og:image:height\" content=\"729\" \/>\n\t<meta property=\"og:image:type\" content=\"image\/webp\" \/>\n<meta name=\"author\" content=\"marketing-go\" \/>\n<meta name=\"twitter:card\" content=\"summary_large_image\" \/>\n<meta name=\"twitter:label1\" content=\"Escrito por\" \/>\n\t<meta name=\"twitter:data1\" content=\"marketing-go\" \/>\n\t<meta name=\"twitter:label2\" content=\"Est. tempo de leitura\" \/>\n\t<meta name=\"twitter:data2\" content=\"3 minutos\" \/>\n<script type=\"application\/ld+json\" class=\"yoast-schema-graph\">{\"@context\":\"https:\/\/schema.org\",\"@graph\":[{\"@type\":\"Article\",\"@id\":\"https:\/\/www.abgd.com.br\/portal\/the-smarter-e-south-america-2024-crescimento-de-energia-renovavel-e-mais-de-650-expositores\/#article\",\"isPartOf\":{\"@id\":\"https:\/\/www.abgd.com.br\/portal\/the-smarter-e-south-america-2024-crescimento-de-energia-renovavel-e-mais-de-650-expositores\/\"},\"author\":{\"name\":\"marketing-go\",\"@id\":\"https:\/\/www.abgd.com.br\/portal\/#\/schema\/person\/9cd8d7f269f319517f064de637cc7091\"},\"headline\":\"The Smarter E South America 2024: crescimento de energia renov\u00e1vel e mais de 650 expositores\",\"datePublished\":\"2024-09-12T10:43:27+00:00\",\"dateModified\":\"2025-10-28T16:57:53+00:00\",\"mainEntityOfPage\":{\"@id\":\"https:\/\/www.abgd.com.br\/portal\/the-smarter-e-south-america-2024-crescimento-de-energia-renovavel-e-mais-de-650-expositores\/\"},\"wordCount\":424,\"commentCount\":0,\"publisher\":{\"@id\":\"https:\/\/www.abgd.com.br\/portal\/#organization\"},\"image\":{\"@id\":\"https:\/\/www.abgd.com.br\/portal\/the-smarter-e-south-america-2024-crescimento-de-energia-renovavel-e-mais-de-650-expositores\/#primaryimage\"},\"thumbnailUrl\":\"https:\/\/www.abgd.com.br\/portal\/wp-content\/uploads\/2024\/09\/Crescimento-da-energia-renovavel-no-Brasil-The-smarter-E-South-America-2024.webp\",\"keywords\":[\"energia renov\u00e1vel\",\"intersolar\"],\"articleSection\":[\"Not\u00edcias\"],\"inLanguage\":\"pt-BR\",\"potentialAction\":[{\"@type\":\"CommentAction\",\"name\":\"Comment\",\"target\":[\"https:\/\/www.abgd.com.br\/portal\/the-smarter-e-south-america-2024-crescimento-de-energia-renovavel-e-mais-de-650-expositores\/#respond\"]}]},{\"@type\":\"WebPage\",\"@id\":\"https:\/\/www.abgd.com.br\/portal\/the-smarter-e-south-america-2024-crescimento-de-energia-renovavel-e-mais-de-650-expositores\/\",\"url\":\"https:\/\/www.abgd.com.br\/portal\/the-smarter-e-south-america-2024-crescimento-de-energia-renovavel-e-mais-de-650-expositores\/\",\"name\":\"The Smarter E South America 2024: energia renov\u00e1vel - ABGD\",\"isPartOf\":{\"@id\":\"https:\/\/www.abgd.com.br\/portal\/#website\"},\"primaryImageOfPage\":{\"@id\":\"https:\/\/www.abgd.com.br\/portal\/the-smarter-e-south-america-2024-crescimento-de-energia-renovavel-e-mais-de-650-expositores\/#primaryimage\"},\"image\":{\"@id\":\"https:\/\/www.abgd.com.br\/portal\/the-smarter-e-south-america-2024-crescimento-de-energia-renovavel-e-mais-de-650-expositores\/#primaryimage\"},\"thumbnailUrl\":\"https:\/\/www.abgd.com.br\/portal\/wp-content\/uploads\/2024\/09\/Crescimento-da-energia-renovavel-no-Brasil-The-smarter-E-South-America-2024.webp\",\"datePublished\":\"2024-09-12T10:43:27+00:00\",\"dateModified\":\"2025-10-28T16:57:53+00:00\",\"description\":\"The Smarter E South America 2024 reuniu 650+ expositores e destacou o crescimento da energia renov\u00e1vel no Brasil.\",\"breadcrumb\":{\"@id\":\"https:\/\/www.abgd.com.br\/portal\/the-smarter-e-south-america-2024-crescimento-de-energia-renovavel-e-mais-de-650-expositores\/#breadcrumb\"},\"inLanguage\":\"pt-BR\",\"potentialAction\":[{\"@type\":\"ReadAction\",\"target\":[\"https:\/\/www.abgd.com.br\/portal\/the-smarter-e-south-america-2024-crescimento-de-energia-renovavel-e-mais-de-650-expositores\/\"]}]},{\"@type\":\"ImageObject\",\"inLanguage\":\"pt-BR\",\"@id\":\"https:\/\/www.abgd.com.br\/portal\/the-smarter-e-south-america-2024-crescimento-de-energia-renovavel-e-mais-de-650-expositores\/#primaryimage\",\"url\":\"https:\/\/www.abgd.com.br\/portal\/wp-content\/uploads\/2024\/09\/Crescimento-da-energia-renovavel-no-Brasil-The-smarter-E-South-America-2024.webp\",\"contentUrl\":\"https:\/\/www.abgd.com.br\/portal\/wp-content\/uploads\/2024\/09\/Crescimento-da-energia-renovavel-no-Brasil-The-smarter-E-South-America-2024.webp\",\"width\":729,\"height\":729,\"caption\":\"The smarter E South America\"},{\"@type\":\"BreadcrumbList\",\"@id\":\"https:\/\/www.abgd.com.br\/portal\/the-smarter-e-south-america-2024-crescimento-de-energia-renovavel-e-mais-de-650-expositores\/#breadcrumb\",\"itemListElement\":[{\"@type\":\"ListItem\",\"position\":1,\"name\":\"In\u00edcio\",\"item\":\"https:\/\/www.abgd.com.br\/portal\/\"},{\"@type\":\"ListItem\",\"position\":2,\"name\":\"The Smarter E South America 2024: crescimento de energia renov\u00e1vel e mais de 650 expositores\"}]},{\"@type\":\"WebSite\",\"@id\":\"https:\/\/www.abgd.com.br\/portal\/#website\",\"url\":\"https:\/\/www.abgd.com.br\/portal\/\",\"name\":\"ABGD\",\"description\":\"\",\"publisher\":{\"@id\":\"https:\/\/www.abgd.com.br\/portal\/#organization\"},\"potentialAction\":[{\"@type\":\"SearchAction\",\"target\":{\"@type\":\"EntryPoint\",\"urlTemplate\":\"https:\/\/www.abgd.com.br\/portal\/?s={search_term_string}\"},\"query-input\":{\"@type\":\"PropertyValueSpecification\",\"valueRequired\":true,\"valueName\":\"search_term_string\"}}],\"inLanguage\":\"pt-BR\"},{\"@type\":\"Organization\",\"@id\":\"https:\/\/www.abgd.com.br\/portal\/#organization\",\"name\":\"ABGD\",\"url\":\"https:\/\/www.abgd.com.br\/portal\/\",\"logo\":{\"@type\":\"ImageObject\",\"inLanguage\":\"pt-BR\",\"@id\":\"https:\/\/www.abgd.com.br\/portal\/#\/schema\/logo\/image\/\",\"url\":\"https:\/\/www.abgd.com.br\/portal\/wp-content\/uploads\/2025\/09\/ABGD-AZUL.webp\",\"contentUrl\":\"https:\/\/www.abgd.com.br\/portal\/wp-content\/uploads\/2025\/09\/ABGD-AZUL.webp\",\"width\":641,\"height\":219,\"caption\":\"ABGD\"},\"image\":{\"@id\":\"https:\/\/www.abgd.com.br\/portal\/#\/schema\/logo\/image\/\"},\"sameAs\":[\"https:\/\/www.facebook.com\/Abgdbrasil\",\"https:\/\/www.instagram.com\/abgd_oficial\/\",\"https:\/\/www.linkedin.com\/company\/abgd\/\",\"https:\/\/www.youtube.com\/@ABGDoficial\"]},{\"@type\":\"Person\",\"@id\":\"https:\/\/www.abgd.com.br\/portal\/#\/schema\/person\/9cd8d7f269f319517f064de637cc7091\",\"name\":\"marketing-go\",\"image\":{\"@type\":\"ImageObject\",\"inLanguage\":\"pt-BR\",\"@id\":\"https:\/\/secure.gravatar.com\/avatar\/912ba1de83c4475b871b9b8a259e744e73f252bfd3a806151bf87f961eecfda8?s=96&d=mm&r=g\",\"url\":\"https:\/\/secure.gravatar.com\/avatar\/912ba1de83c4475b871b9b8a259e744e73f252bfd3a806151bf87f961eecfda8?s=96&d=mm&r=g\",\"contentUrl\":\"https:\/\/secure.gravatar.com\/avatar\/912ba1de83c4475b871b9b8a259e744e73f252bfd3a806151bf87f961eecfda8?s=96&d=mm&r=g\",\"caption\":\"marketing-go\"},\"sameAs\":[\"https:\/\/www.abgd.com.br\/portal\"],\"url\":\"https:\/\/www.abgd.com.br\/portal\/author\/marketing-go\/\"}]}<\/script>\n<!-- \/ Yoast SEO plugin. -->","yoast_head_json":{"title":"The Smarter E South America 2024: energia renov\u00e1vel - ABGD","description":"The Smarter E South America 2024 reuniu 650+ expositores e destacou o crescimento da energia renov\u00e1vel no Brasil.","robots":{"index":"index","follow":"follow","max-snippet":"max-snippet:-1","max-image-preview":"max-image-preview:large","max-video-preview":"max-video-preview:-1"},"canonical":"https:\/\/www.abgd.com.br\/portal\/the-smarter-e-south-america-2024-crescimento-de-energia-renovavel-e-mais-de-650-expositores\/","og_locale":"pt_BR","og_type":"article","og_title":"The Smarter E South America 2024: energia renov\u00e1vel - ABGD","og_description":"The Smarter E South America 2024 reuniu 650+ expositores e destacou o crescimento da energia renov\u00e1vel no Brasil.","og_url":"https:\/\/www.abgd.com.br\/portal\/the-smarter-e-south-america-2024-crescimento-de-energia-renovavel-e-mais-de-650-expositores\/","og_site_name":"ABGD","article_publisher":"https:\/\/www.facebook.com\/Abgdbrasil","article_published_time":"2024-09-12T10:43:27+00:00","article_modified_time":"2025-10-28T16:57:53+00:00","og_image":[{"width":729,"height":729,"url":"https:\/\/www.abgd.com.br\/portal\/wp-content\/uploads\/2024\/09\/Crescimento-da-energia-renovavel-no-Brasil-The-smarter-E-South-America-2024.webp","type":"image\/webp"}],"author":"marketing-go","twitter_card":"summary_large_image","twitter_misc":{"Escrito por":"marketing-go","Est. tempo de leitura":"3 minutos"},"schema":{"@context":"https:\/\/schema.org","@graph":[{"@type":"Article","@id":"https:\/\/www.abgd.com.br\/portal\/the-smarter-e-south-america-2024-crescimento-de-energia-renovavel-e-mais-de-650-expositores\/#article","isPartOf":{"@id":"https:\/\/www.abgd.com.br\/portal\/the-smarter-e-south-america-2024-crescimento-de-energia-renovavel-e-mais-de-650-expositores\/"},"author":{"name":"marketing-go","@id":"https:\/\/www.abgd.com.br\/portal\/#\/schema\/person\/9cd8d7f269f319517f064de637cc7091"},"headline":"The Smarter E South America 2024: crescimento de energia renov\u00e1vel e mais de 650 expositores","datePublished":"2024-09-12T10:43:27+00:00","dateModified":"2025-10-28T16:57:53+00:00","mainEntityOfPage":{"@id":"https:\/\/www.abgd.com.br\/portal\/the-smarter-e-south-america-2024-crescimento-de-energia-renovavel-e-mais-de-650-expositores\/"},"wordCount":424,"commentCount":0,"publisher":{"@id":"https:\/\/www.abgd.com.br\/portal\/#organization"},"image":{"@id":"https:\/\/www.abgd.com.br\/portal\/the-smarter-e-south-america-2024-crescimento-de-energia-renovavel-e-mais-de-650-expositores\/#primaryimage"},"thumbnailUrl":"https:\/\/www.abgd.com.br\/portal\/wp-content\/uploads\/2024\/09\/Crescimento-da-energia-renovavel-no-Brasil-The-smarter-E-South-America-2024.webp","keywords":["energia renov\u00e1vel","intersolar"],"articleSection":["Not\u00edcias"],"inLanguage":"pt-BR","potentialAction":[{"@type":"CommentAction","name":"Comment","target":["https:\/\/www.abgd.com.br\/portal\/the-smarter-e-south-america-2024-crescimento-de-energia-renovavel-e-mais-de-650-expositores\/#respond"]}]},{"@type":"WebPage","@id":"https:\/\/www.abgd.com.br\/portal\/the-smarter-e-south-america-2024-crescimento-de-energia-renovavel-e-mais-de-650-expositores\/","url":"https:\/\/www.abgd.com.br\/portal\/the-smarter-e-south-america-2024-crescimento-de-energia-renovavel-e-mais-de-650-expositores\/","name":"The Smarter E South America 2024: energia renov\u00e1vel - ABGD","isPartOf":{"@id":"https:\/\/www.abgd.com.br\/portal\/#website"},"primaryImageOfPage":{"@id":"https:\/\/www.abgd.com.br\/portal\/the-smarter-e-south-america-2024-crescimento-de-energia-renovavel-e-mais-de-650-expositores\/#primaryimage"},"image":{"@id":"https:\/\/www.abgd.com.br\/portal\/the-smarter-e-south-america-2024-crescimento-de-energia-renovavel-e-mais-de-650-expositores\/#primaryimage"},"thumbnailUrl":"https:\/\/www.abgd.com.br\/portal\/wp-content\/uploads\/2024\/09\/Crescimento-da-energia-renovavel-no-Brasil-The-smarter-E-South-America-2024.webp","datePublished":"2024-09-12T10:43:27+00:00","dateModified":"2025-10-28T16:57:53+00:00","description":"The Smarter E South America 2024 reuniu 650+ expositores e destacou o crescimento da energia renov\u00e1vel no Brasil.","breadcrumb":{"@id":"https:\/\/www.abgd.com.br\/portal\/the-smarter-e-south-america-2024-crescimento-de-energia-renovavel-e-mais-de-650-expositores\/#breadcrumb"},"inLanguage":"pt-BR","potentialAction":[{"@type":"ReadAction","target":["https:\/\/www.abgd.com.br\/portal\/the-smarter-e-south-america-2024-crescimento-de-energia-renovavel-e-mais-de-650-expositores\/"]}]},{"@type":"ImageObject","inLanguage":"pt-BR","@id":"https:\/\/www.abgd.com.br\/portal\/the-smarter-e-south-america-2024-crescimento-de-energia-renovavel-e-mais-de-650-expositores\/#primaryimage","url":"https:\/\/www.abgd.com.br\/portal\/wp-content\/uploads\/2024\/09\/Crescimento-da-energia-renovavel-no-Brasil-The-smarter-E-South-America-2024.webp","contentUrl":"https:\/\/www.abgd.com.br\/portal\/wp-content\/uploads\/2024\/09\/Crescimento-da-energia-renovavel-no-Brasil-The-smarter-E-South-America-2024.webp","width":729,"height":729,"caption":"The smarter E South America"},{"@type":"BreadcrumbList","@id":"https:\/\/www.abgd.com.br\/portal\/the-smarter-e-south-america-2024-crescimento-de-energia-renovavel-e-mais-de-650-expositores\/#breadcrumb","itemListElement":[{"@type":"ListItem","position":1,"name":"In\u00edcio","item":"https:\/\/www.abgd.com.br\/portal\/"},{"@type":"ListItem","position":2,"name":"The Smarter E South America 2024: crescimento de energia renov\u00e1vel e mais de 650 expositores"}]},{"@type":"WebSite","@id":"https:\/\/www.abgd.com.br\/portal\/#website","url":"https:\/\/www.abgd.com.br\/portal\/","name":"ABGD","description":"","publisher":{"@id":"https:\/\/www.abgd.com.br\/portal\/#organization"},"potentialAction":[{"@type":"SearchAction","target":{"@type":"EntryPoint","urlTemplate":"https:\/\/www.abgd.com.br\/portal\/?s={search_term_string}"},"query-input":{"@type":"PropertyValueSpecification","valueRequired":true,"valueName":"search_term_string"}}],"inLanguage":"pt-BR"},{"@type":"Organization","@id":"https:\/\/www.abgd.com.br\/portal\/#organization","name":"ABGD","url":"https:\/\/www.abgd.com.br\/portal\/","logo":{"@type":"ImageObject","inLanguage":"pt-BR","@id":"https:\/\/www.abgd.com.br\/portal\/#\/schema\/logo\/image\/","url":"https:\/\/www.abgd.com.br\/portal\/wp-content\/uploads\/2025\/09\/ABGD-AZUL.webp","contentUrl":"https:\/\/www.abgd.com.br\/portal\/wp-content\/uploads\/2025\/09\/ABGD-AZUL.webp","width":641,"height":219,"caption":"ABGD"},"image":{"@id":"https:\/\/www.abgd.com.br\/portal\/#\/schema\/logo\/image\/"},"sameAs":["https:\/\/www.facebook.com\/Abgdbrasil","https:\/\/www.instagram.com\/abgd_oficial\/","https:\/\/www.linkedin.com\/company\/abgd\/","https:\/\/www.youtube.com\/@ABGDoficial"]},{"@type":"Person","@id":"https:\/\/www.abgd.com.br\/portal\/#\/schema\/person\/9cd8d7f269f319517f064de637cc7091","name":"marketing-go","image":{"@type":"ImageObject","inLanguage":"pt-BR","@id":"https:\/\/secure.gravatar.com\/avatar\/912ba1de83c4475b871b9b8a259e744e73f252bfd3a806151bf87f961eecfda8?s=96&d=mm&r=g","url":"https:\/\/secure.gravatar.com\/avatar\/912ba1de83c4475b871b9b8a259e744e73f252bfd3a806151bf87f961eecfda8?s=96&d=mm&r=g","contentUrl":"https:\/\/secure.gravatar.com\/avatar\/912ba1de83c4475b871b9b8a259e744e73f252bfd3a806151bf87f961eecfda8?s=96&d=mm&r=g","caption":"marketing-go"},"sameAs":["https:\/\/www.abgd.com.br\/portal"],"url":"https:\/\/www.abgd.com.br\/portal\/author\/marketing-go\/"}]}},"_links":{"self":[{"href":"https:\/\/www.abgd.com.br\/portal\/wp-json\/wp\/v2\/posts\/5582","targetHints":{"allow":["GET"]}}],"collection":[{"href":"https:\/\/www.abgd.com.br\/portal\/wp-json\/wp\/v2\/posts"}],"about":[{"href":"https:\/\/www.abgd.com.br\/portal\/wp-json\/wp\/v2\/types\/post"}],"author":[{"embeddable":true,"href":"https:\/\/www.abgd.com.br\/portal\/wp-json\/wp\/v2\/users\/1"}],"replies":[{"embeddable":true,"href":"https:\/\/www.abgd.com.br\/portal\/wp-json\/wp\/v2\/comments?post=5582"}],"version-history":[{"count":4,"href":"https:\/\/www.abgd.com.br\/portal\/wp-json\/wp\/v2\/posts\/5582\/revisions"}],"predecessor-version":[{"id":7426,"href":"https:\/\/www.abgd.com.br\/portal\/wp-json\/wp\/v2\/posts\/5582\/revisions\/7426"}],"wp:featuredmedia":[{"embeddable":true,"href":"https:\/\/www.abgd.com.br\/portal\/wp-json\/wp\/v2\/media\/6091"}],"wp:attachment":[{"href":"https:\/\/www.abgd.com.br\/portal\/wp-json\/wp\/v2\/media?parent=5582"}],"wp:term":[{"taxonomy":"category","embeddable":true,"href":"https:\/\/www.abgd.com.br\/portal\/wp-json\/wp\/v2\/categories?post=5582"},{"taxonomy":"post_tag","embeddable":true,"href":"https:\/\/www.abgd.com.br\/portal\/wp-json\/wp\/v2\/tags?post=5582"}],"curies":[{"name":"wp","href":"https:\/\/api.w.org\/{rel}","templated":true}]}}