{"id":5512,"date":"2024-06-18T11:40:07","date_gmt":"2024-06-18T14:40:07","guid":{"rendered":"https:\/\/www.abgd.com.br\/portal\/?p=5512"},"modified":"2025-09-17T14:27:17","modified_gmt":"2025-09-17T17:27:17","slug":"geracao-propria-de-energia-atinge-30-gw-no-brasil","status":"publish","type":"post","link":"https:\/\/www.abgd.com.br\/portal\/geracao-propria-de-energia-atinge-30-gw-no-brasil\/","title":{"rendered":"Gera\u00e7\u00e3o pr\u00f3pria de energia atinge 30 GW no Brasil"},"content":{"rendered":"<blockquote>\n<p style=\"text-align: center;\"><em>Impulsionada pelo \u201cboom\u201d da gera\u00e7\u00e3o fotovoltaica, a gera\u00e7\u00e3o distribu\u00edda cresceu mais de 26 gigawatts nos \u00faltimos 4 anos<\/em><\/p>\n<\/blockquote>\n<p>O Brasil acaba de atingir 30 gigawatts (GW) de capacidade em gera\u00e7\u00e3o pr\u00f3pria de energia el\u00e9trica, tamb\u00e9m chamada de Gera\u00e7\u00e3o Distribu\u00edda (GD). Respons\u00e1vel pelo abastecimento de mais de 3,8 milh\u00f5es de unidades consumidoras (UCs) e presente em mais de 5,5 mil munic\u00edpios, a gera\u00e7\u00e3o distribu\u00edda tornou-se uma op\u00e7\u00e3o vi\u00e1vel para os consumidores que buscam economizar na conta de luz e ainda colaborar com o desenvolvimento sustent\u00e1vel e a descarboniza\u00e7\u00e3o da ind\u00fastria.<\/p>\n<p>Liderada pela energia solar fotovoltaica, a gera\u00e7\u00e3o distribu\u00edda experimentou um crescimento exponencial nos \u00faltimos 4 anos. Em 2023, o mercado de GD ultrapassou a marca de R$ 100 bilh\u00f5es em investimentos acumulados. A proje\u00e7\u00e3o \u00e9 que em 2024 haja um crescimento de mais 35%, totalizando mais de R$ 140 bilh\u00f5es.<\/p>\n<p>Atualmente, o estado de S\u00e3o Paulo \u00e9 o l\u00edder na modalidade, com mais de 4 GW de pot\u00eancia instalada, seguido por Minas Gerais que beira a mesma quantidade. Al\u00e9m disso, a GD j\u00e1 ultrapassa 1 GW em mais 8 estados do Brasil: Bahia, Goi\u00e1s, Mato Grosso, Mato Grosso do Sul, Paran\u00e1, Rio de Janeiro, Rio Grande do Sul e Santa Catarina.<\/p>\n<p>&#8220;Atingir 30 GW de gera\u00e7\u00e3o distribu\u00edda \u00e9 uma marca hist\u00f3rica que reflete o compromisso do Brasil com um futuro energ\u00e9tico mais sustent\u00e1vel e descentralizado\u201d, afirma o presidente da Associa\u00e7\u00e3o Brasileira de Gera\u00e7\u00e3o Distribu\u00edda (ABGD), Carlos Evangelista. \u201cEsse marco n\u00e3o s\u00f3 demonstra a capacidade e o potencial do pa\u00eds em adotar fontes de energia renov\u00e1vel, mas tamb\u00e9m destaca a import\u00e2ncia de pol\u00edticas p\u00fablicas eficientes e o engajamento da sociedade em busca de solu\u00e7\u00f5es energ\u00e9ticas mais sustent\u00e1veis\u201d, completa.<\/p>\n<p><strong>Sobre a ABGD<\/strong><\/p>\n<p>A <a href=\"https:\/\/www.abgd.com.br\/portal\/quem-somos\/\">Associa\u00e7\u00e3o Brasileira de Gera\u00e7\u00e3o Distribu\u00edda<\/a> (ABGD), maior associa\u00e7\u00e3o brasileira do setor de energias renov\u00e1veis, conta com mais de 1.000 empresas associadas, entre provedores de solu\u00e7\u00f5es, EPC&#8217;s, integradores, distribuidores, fabricantes, empresas de diferentes portes e segmentos, al\u00e9m de profissionais e acad\u00eamicos, que t\u00eam em comum a atua\u00e7\u00e3o direta ou indireta na gera\u00e7\u00e3o distribu\u00edda. A ABGD \u00e9 a associa\u00e7\u00e3o da gera\u00e7\u00e3o pr\u00f3pria de energia do Brasil.<\/p>\n<p>&nbsp;<\/p>\n<p>Fundada em 2015 para defender as demandas de empresas dedicadas \u00e0 microgera\u00e7\u00e3o e minigera\u00e7\u00e3o de energia el\u00e9trica a partir de fontes limpas e renov\u00e1veis, a ABGD representa seus associados junto aos \u00f3rg\u00e3os governamentais, entidades de classe, \u00f3rg\u00e3os reguladores e agentes do setor. Mais do que isso, trabalha para a difus\u00e3o da GD para os diferentes setores da sociedade, incorporando os conceitos de sustentabilidade, retorno financeiro, efici\u00eancia energ\u00e9tica e previsibilidade de gastos no que tange \u00e0 gera\u00e7\u00e3o e consumo de energia no local de consumo ou pr\u00f3ximo.<\/p>\n","protected":false},"excerpt":{"rendered":"<p>Impulsionada pelo \u201cboom\u201d da gera\u00e7\u00e3o fotovoltaica, a gera\u00e7\u00e3o distribu\u00edda cresceu mais de 26 gigawatts nos \u00faltimos 4 anos O Brasil acaba de atingir 30 gigawatts (GW) de capacidade em gera\u00e7\u00e3o pr\u00f3pria de energia el\u00e9trica, tamb\u00e9m chamada de Gera\u00e7\u00e3o Distribu\u00edda (GD). Respons\u00e1vel pelo abastecimento de mais de 3,8 milh\u00f5es de unidades consumidoras (UCs) e presente em [&hellip;]<\/p>\n","protected":false},"author":1,"featured_media":6095,"comment_status":"open","ping_status":"open","sticky":false,"template":"","format":"standard","meta":{"_acf_changed":false,"_monsterinsights_skip_tracking":false,"_monsterinsights_sitenote_active":false,"_monsterinsights_sitenote_note":"","_monsterinsights_sitenote_category":0,"footnotes":""},"categories":[6],"tags":[],"class_list":["post-5512","post","type-post","status-publish","format-standard","has-post-thumbnail","hentry","category-noticias"],"acf":[],"yoast_head":"<!-- This site is optimized with the Yoast SEO plugin v27.2 - https:\/\/yoast.com\/product\/yoast-seo-wordpress\/ -->\n<title>Gera\u00e7\u00e3o pr\u00f3pria de energia atinge 30 GW no Brasil - ABGD<\/title>\n<meta name=\"description\" content=\"O Brasil acaba de atingir 30 gigawatts (GW) de capacidade em gera\u00e7\u00e3o pr\u00f3pria de energia el\u00e9trica, tamb\u00e9m chamada de Gera\u00e7\u00e3o Distribu\u00edda (GD).\" \/>\n<meta name=\"robots\" content=\"index, follow, max-snippet:-1, max-image-preview:large, max-video-preview:-1\" \/>\n<link rel=\"canonical\" href=\"https:\/\/www.abgd.com.br\/portal\/geracao-propria-de-energia-atinge-30-gw-no-brasil\/\" \/>\n<meta property=\"og:locale\" content=\"pt_BR\" \/>\n<meta property=\"og:type\" content=\"article\" \/>\n<meta property=\"og:title\" content=\"Gera\u00e7\u00e3o pr\u00f3pria de energia atinge 30 GW no Brasil - ABGD\" \/>\n<meta property=\"og:description\" content=\"O Brasil acaba de atingir 30 gigawatts (GW) de capacidade em gera\u00e7\u00e3o pr\u00f3pria de energia el\u00e9trica, tamb\u00e9m chamada de Gera\u00e7\u00e3o Distribu\u00edda (GD).\" \/>\n<meta property=\"og:url\" content=\"https:\/\/www.abgd.com.br\/portal\/geracao-propria-de-energia-atinge-30-gw-no-brasil\/\" \/>\n<meta property=\"og:site_name\" content=\"ABGD\" \/>\n<meta property=\"article:publisher\" content=\"https:\/\/www.facebook.com\/Abgdbrasil\" \/>\n<meta property=\"article:published_time\" content=\"2024-06-18T14:40:07+00:00\" \/>\n<meta property=\"article:modified_time\" content=\"2025-09-17T17:27:17+00:00\" \/>\n<meta property=\"og:image\" content=\"https:\/\/www.abgd.com.br\/portal\/wp-content\/uploads\/2024\/06\/Geracao-propria-de-energia-atinge-30-GW-no-Brasil.webp\" \/>\n\t<meta property=\"og:image:width\" content=\"1920\" \/>\n\t<meta property=\"og:image:height\" content=\"1080\" \/>\n\t<meta property=\"og:image:type\" content=\"image\/webp\" \/>\n<meta name=\"author\" content=\"marketing-go\" \/>\n<meta name=\"twitter:card\" content=\"summary_large_image\" \/>\n<meta name=\"twitter:label1\" content=\"Escrito por\" \/>\n\t<meta name=\"twitter:data1\" content=\"marketing-go\" \/>\n\t<meta name=\"twitter:label2\" content=\"Est. tempo de leitura\" \/>\n\t<meta name=\"twitter:data2\" content=\"3 minutos\" \/>\n<script type=\"application\/ld+json\" class=\"yoast-schema-graph\">{\"@context\":\"https:\/\/schema.org\",\"@graph\":[{\"@type\":\"Article\",\"@id\":\"https:\/\/www.abgd.com.br\/portal\/geracao-propria-de-energia-atinge-30-gw-no-brasil\/#article\",\"isPartOf\":{\"@id\":\"https:\/\/www.abgd.com.br\/portal\/geracao-propria-de-energia-atinge-30-gw-no-brasil\/\"},\"author\":{\"name\":\"marketing-go\",\"@id\":\"https:\/\/www.abgd.com.br\/portal\/#\/schema\/person\/9cd8d7f269f319517f064de637cc7091\"},\"headline\":\"Gera\u00e7\u00e3o pr\u00f3pria de energia atinge 30 GW no Brasil\",\"datePublished\":\"2024-06-18T14:40:07+00:00\",\"dateModified\":\"2025-09-17T17:27:17+00:00\",\"mainEntityOfPage\":{\"@id\":\"https:\/\/www.abgd.com.br\/portal\/geracao-propria-de-energia-atinge-30-gw-no-brasil\/\"},\"wordCount\":492,\"commentCount\":11,\"publisher\":{\"@id\":\"https:\/\/www.abgd.com.br\/portal\/#organization\"},\"image\":{\"@id\":\"https:\/\/www.abgd.com.br\/portal\/geracao-propria-de-energia-atinge-30-gw-no-brasil\/#primaryimage\"},\"thumbnailUrl\":\"https:\/\/www.abgd.com.br\/portal\/wp-content\/uploads\/2024\/06\/Geracao-propria-de-energia-atinge-30-GW-no-Brasil.webp\",\"articleSection\":[\"Not\u00edcias\"],\"inLanguage\":\"pt-BR\",\"potentialAction\":[{\"@type\":\"CommentAction\",\"name\":\"Comment\",\"target\":[\"https:\/\/www.abgd.com.br\/portal\/geracao-propria-de-energia-atinge-30-gw-no-brasil\/#respond\"]}]},{\"@type\":\"WebPage\",\"@id\":\"https:\/\/www.abgd.com.br\/portal\/geracao-propria-de-energia-atinge-30-gw-no-brasil\/\",\"url\":\"https:\/\/www.abgd.com.br\/portal\/geracao-propria-de-energia-atinge-30-gw-no-brasil\/\",\"name\":\"Gera\u00e7\u00e3o pr\u00f3pria de energia atinge 30 GW no Brasil - ABGD\",\"isPartOf\":{\"@id\":\"https:\/\/www.abgd.com.br\/portal\/#website\"},\"primaryImageOfPage\":{\"@id\":\"https:\/\/www.abgd.com.br\/portal\/geracao-propria-de-energia-atinge-30-gw-no-brasil\/#primaryimage\"},\"image\":{\"@id\":\"https:\/\/www.abgd.com.br\/portal\/geracao-propria-de-energia-atinge-30-gw-no-brasil\/#primaryimage\"},\"thumbnailUrl\":\"https:\/\/www.abgd.com.br\/portal\/wp-content\/uploads\/2024\/06\/Geracao-propria-de-energia-atinge-30-GW-no-Brasil.webp\",\"datePublished\":\"2024-06-18T14:40:07+00:00\",\"dateModified\":\"2025-09-17T17:27:17+00:00\",\"description\":\"O Brasil acaba de atingir 30 gigawatts (GW) de capacidade em gera\u00e7\u00e3o pr\u00f3pria de energia el\u00e9trica, tamb\u00e9m chamada de Gera\u00e7\u00e3o Distribu\u00edda (GD).\",\"breadcrumb\":{\"@id\":\"https:\/\/www.abgd.com.br\/portal\/geracao-propria-de-energia-atinge-30-gw-no-brasil\/#breadcrumb\"},\"inLanguage\":\"pt-BR\",\"potentialAction\":[{\"@type\":\"ReadAction\",\"target\":[\"https:\/\/www.abgd.com.br\/portal\/geracao-propria-de-energia-atinge-30-gw-no-brasil\/\"]}]},{\"@type\":\"ImageObject\",\"inLanguage\":\"pt-BR\",\"@id\":\"https:\/\/www.abgd.com.br\/portal\/geracao-propria-de-energia-atinge-30-gw-no-brasil\/#primaryimage\",\"url\":\"https:\/\/www.abgd.com.br\/portal\/wp-content\/uploads\/2024\/06\/Geracao-propria-de-energia-atinge-30-GW-no-Brasil.webp\",\"contentUrl\":\"https:\/\/www.abgd.com.br\/portal\/wp-content\/uploads\/2024\/06\/Geracao-propria-de-energia-atinge-30-GW-no-Brasil.webp\",\"width\":1920,\"height\":1080},{\"@type\":\"BreadcrumbList\",\"@id\":\"https:\/\/www.abgd.com.br\/portal\/geracao-propria-de-energia-atinge-30-gw-no-brasil\/#breadcrumb\",\"itemListElement\":[{\"@type\":\"ListItem\",\"position\":1,\"name\":\"In\u00edcio\",\"item\":\"https:\/\/www.abgd.com.br\/portal\/\"},{\"@type\":\"ListItem\",\"position\":2,\"name\":\"Gera\u00e7\u00e3o pr\u00f3pria de energia atinge 30 GW no Brasil\"}]},{\"@type\":\"WebSite\",\"@id\":\"https:\/\/www.abgd.com.br\/portal\/#website\",\"url\":\"https:\/\/www.abgd.com.br\/portal\/\",\"name\":\"ABGD\",\"description\":\"\",\"publisher\":{\"@id\":\"https:\/\/www.abgd.com.br\/portal\/#organization\"},\"potentialAction\":[{\"@type\":\"SearchAction\",\"target\":{\"@type\":\"EntryPoint\",\"urlTemplate\":\"https:\/\/www.abgd.com.br\/portal\/?s={search_term_string}\"},\"query-input\":{\"@type\":\"PropertyValueSpecification\",\"valueRequired\":true,\"valueName\":\"search_term_string\"}}],\"inLanguage\":\"pt-BR\"},{\"@type\":\"Organization\",\"@id\":\"https:\/\/www.abgd.com.br\/portal\/#organization\",\"name\":\"ABGD\",\"url\":\"https:\/\/www.abgd.com.br\/portal\/\",\"logo\":{\"@type\":\"ImageObject\",\"inLanguage\":\"pt-BR\",\"@id\":\"https:\/\/www.abgd.com.br\/portal\/#\/schema\/logo\/image\/\",\"url\":\"https:\/\/www.abgd.com.br\/portal\/wp-content\/uploads\/2025\/09\/ABGD-AZUL.webp\",\"contentUrl\":\"https:\/\/www.abgd.com.br\/portal\/wp-content\/uploads\/2025\/09\/ABGD-AZUL.webp\",\"width\":641,\"height\":219,\"caption\":\"ABGD\"},\"image\":{\"@id\":\"https:\/\/www.abgd.com.br\/portal\/#\/schema\/logo\/image\/\"},\"sameAs\":[\"https:\/\/www.facebook.com\/Abgdbrasil\",\"https:\/\/www.instagram.com\/abgd_oficial\/\",\"https:\/\/www.linkedin.com\/company\/abgd\/\",\"https:\/\/www.youtube.com\/@ABGDoficial\"]},{\"@type\":\"Person\",\"@id\":\"https:\/\/www.abgd.com.br\/portal\/#\/schema\/person\/9cd8d7f269f319517f064de637cc7091\",\"name\":\"marketing-go\",\"image\":{\"@type\":\"ImageObject\",\"inLanguage\":\"pt-BR\",\"@id\":\"https:\/\/secure.gravatar.com\/avatar\/912ba1de83c4475b871b9b8a259e744e73f252bfd3a806151bf87f961eecfda8?s=96&d=mm&r=g\",\"url\":\"https:\/\/secure.gravatar.com\/avatar\/912ba1de83c4475b871b9b8a259e744e73f252bfd3a806151bf87f961eecfda8?s=96&d=mm&r=g\",\"contentUrl\":\"https:\/\/secure.gravatar.com\/avatar\/912ba1de83c4475b871b9b8a259e744e73f252bfd3a806151bf87f961eecfda8?s=96&d=mm&r=g\",\"caption\":\"marketing-go\"},\"sameAs\":[\"https:\/\/www.abgd.com.br\/portal\"],\"url\":\"https:\/\/www.abgd.com.br\/portal\/author\/marketing-go\/\"}]}<\/script>\n<!-- \/ Yoast SEO plugin. -->","yoast_head_json":{"title":"Gera\u00e7\u00e3o pr\u00f3pria de energia atinge 30 GW no Brasil - ABGD","description":"O Brasil acaba de atingir 30 gigawatts (GW) de capacidade em gera\u00e7\u00e3o pr\u00f3pria de energia el\u00e9trica, tamb\u00e9m chamada de Gera\u00e7\u00e3o Distribu\u00edda (GD).","robots":{"index":"index","follow":"follow","max-snippet":"max-snippet:-1","max-image-preview":"max-image-preview:large","max-video-preview":"max-video-preview:-1"},"canonical":"https:\/\/www.abgd.com.br\/portal\/geracao-propria-de-energia-atinge-30-gw-no-brasil\/","og_locale":"pt_BR","og_type":"article","og_title":"Gera\u00e7\u00e3o pr\u00f3pria de energia atinge 30 GW no Brasil - ABGD","og_description":"O Brasil acaba de atingir 30 gigawatts (GW) de capacidade em gera\u00e7\u00e3o pr\u00f3pria de energia el\u00e9trica, tamb\u00e9m chamada de Gera\u00e7\u00e3o Distribu\u00edda (GD).","og_url":"https:\/\/www.abgd.com.br\/portal\/geracao-propria-de-energia-atinge-30-gw-no-brasil\/","og_site_name":"ABGD","article_publisher":"https:\/\/www.facebook.com\/Abgdbrasil","article_published_time":"2024-06-18T14:40:07+00:00","article_modified_time":"2025-09-17T17:27:17+00:00","og_image":[{"width":1920,"height":1080,"url":"https:\/\/www.abgd.com.br\/portal\/wp-content\/uploads\/2024\/06\/Geracao-propria-de-energia-atinge-30-GW-no-Brasil.webp","type":"image\/webp"}],"author":"marketing-go","twitter_card":"summary_large_image","twitter_misc":{"Escrito por":"marketing-go","Est. tempo de leitura":"3 minutos"},"schema":{"@context":"https:\/\/schema.org","@graph":[{"@type":"Article","@id":"https:\/\/www.abgd.com.br\/portal\/geracao-propria-de-energia-atinge-30-gw-no-brasil\/#article","isPartOf":{"@id":"https:\/\/www.abgd.com.br\/portal\/geracao-propria-de-energia-atinge-30-gw-no-brasil\/"},"author":{"name":"marketing-go","@id":"https:\/\/www.abgd.com.br\/portal\/#\/schema\/person\/9cd8d7f269f319517f064de637cc7091"},"headline":"Gera\u00e7\u00e3o pr\u00f3pria de energia atinge 30 GW no Brasil","datePublished":"2024-06-18T14:40:07+00:00","dateModified":"2025-09-17T17:27:17+00:00","mainEntityOfPage":{"@id":"https:\/\/www.abgd.com.br\/portal\/geracao-propria-de-energia-atinge-30-gw-no-brasil\/"},"wordCount":492,"commentCount":11,"publisher":{"@id":"https:\/\/www.abgd.com.br\/portal\/#organization"},"image":{"@id":"https:\/\/www.abgd.com.br\/portal\/geracao-propria-de-energia-atinge-30-gw-no-brasil\/#primaryimage"},"thumbnailUrl":"https:\/\/www.abgd.com.br\/portal\/wp-content\/uploads\/2024\/06\/Geracao-propria-de-energia-atinge-30-GW-no-Brasil.webp","articleSection":["Not\u00edcias"],"inLanguage":"pt-BR","potentialAction":[{"@type":"CommentAction","name":"Comment","target":["https:\/\/www.abgd.com.br\/portal\/geracao-propria-de-energia-atinge-30-gw-no-brasil\/#respond"]}]},{"@type":"WebPage","@id":"https:\/\/www.abgd.com.br\/portal\/geracao-propria-de-energia-atinge-30-gw-no-brasil\/","url":"https:\/\/www.abgd.com.br\/portal\/geracao-propria-de-energia-atinge-30-gw-no-brasil\/","name":"Gera\u00e7\u00e3o pr\u00f3pria de energia atinge 30 GW no Brasil - ABGD","isPartOf":{"@id":"https:\/\/www.abgd.com.br\/portal\/#website"},"primaryImageOfPage":{"@id":"https:\/\/www.abgd.com.br\/portal\/geracao-propria-de-energia-atinge-30-gw-no-brasil\/#primaryimage"},"image":{"@id":"https:\/\/www.abgd.com.br\/portal\/geracao-propria-de-energia-atinge-30-gw-no-brasil\/#primaryimage"},"thumbnailUrl":"https:\/\/www.abgd.com.br\/portal\/wp-content\/uploads\/2024\/06\/Geracao-propria-de-energia-atinge-30-GW-no-Brasil.webp","datePublished":"2024-06-18T14:40:07+00:00","dateModified":"2025-09-17T17:27:17+00:00","description":"O Brasil acaba de atingir 30 gigawatts (GW) de capacidade em gera\u00e7\u00e3o pr\u00f3pria de energia el\u00e9trica, tamb\u00e9m chamada de Gera\u00e7\u00e3o Distribu\u00edda (GD).","breadcrumb":{"@id":"https:\/\/www.abgd.com.br\/portal\/geracao-propria-de-energia-atinge-30-gw-no-brasil\/#breadcrumb"},"inLanguage":"pt-BR","potentialAction":[{"@type":"ReadAction","target":["https:\/\/www.abgd.com.br\/portal\/geracao-propria-de-energia-atinge-30-gw-no-brasil\/"]}]},{"@type":"ImageObject","inLanguage":"pt-BR","@id":"https:\/\/www.abgd.com.br\/portal\/geracao-propria-de-energia-atinge-30-gw-no-brasil\/#primaryimage","url":"https:\/\/www.abgd.com.br\/portal\/wp-content\/uploads\/2024\/06\/Geracao-propria-de-energia-atinge-30-GW-no-Brasil.webp","contentUrl":"https:\/\/www.abgd.com.br\/portal\/wp-content\/uploads\/2024\/06\/Geracao-propria-de-energia-atinge-30-GW-no-Brasil.webp","width":1920,"height":1080},{"@type":"BreadcrumbList","@id":"https:\/\/www.abgd.com.br\/portal\/geracao-propria-de-energia-atinge-30-gw-no-brasil\/#breadcrumb","itemListElement":[{"@type":"ListItem","position":1,"name":"In\u00edcio","item":"https:\/\/www.abgd.com.br\/portal\/"},{"@type":"ListItem","position":2,"name":"Gera\u00e7\u00e3o pr\u00f3pria de energia atinge 30 GW no Brasil"}]},{"@type":"WebSite","@id":"https:\/\/www.abgd.com.br\/portal\/#website","url":"https:\/\/www.abgd.com.br\/portal\/","name":"ABGD","description":"","publisher":{"@id":"https:\/\/www.abgd.com.br\/portal\/#organization"},"potentialAction":[{"@type":"SearchAction","target":{"@type":"EntryPoint","urlTemplate":"https:\/\/www.abgd.com.br\/portal\/?s={search_term_string}"},"query-input":{"@type":"PropertyValueSpecification","valueRequired":true,"valueName":"search_term_string"}}],"inLanguage":"pt-BR"},{"@type":"Organization","@id":"https:\/\/www.abgd.com.br\/portal\/#organization","name":"ABGD","url":"https:\/\/www.abgd.com.br\/portal\/","logo":{"@type":"ImageObject","inLanguage":"pt-BR","@id":"https:\/\/www.abgd.com.br\/portal\/#\/schema\/logo\/image\/","url":"https:\/\/www.abgd.com.br\/portal\/wp-content\/uploads\/2025\/09\/ABGD-AZUL.webp","contentUrl":"https:\/\/www.abgd.com.br\/portal\/wp-content\/uploads\/2025\/09\/ABGD-AZUL.webp","width":641,"height":219,"caption":"ABGD"},"image":{"@id":"https:\/\/www.abgd.com.br\/portal\/#\/schema\/logo\/image\/"},"sameAs":["https:\/\/www.facebook.com\/Abgdbrasil","https:\/\/www.instagram.com\/abgd_oficial\/","https:\/\/www.linkedin.com\/company\/abgd\/","https:\/\/www.youtube.com\/@ABGDoficial"]},{"@type":"Person","@id":"https:\/\/www.abgd.com.br\/portal\/#\/schema\/person\/9cd8d7f269f319517f064de637cc7091","name":"marketing-go","image":{"@type":"ImageObject","inLanguage":"pt-BR","@id":"https:\/\/secure.gravatar.com\/avatar\/912ba1de83c4475b871b9b8a259e744e73f252bfd3a806151bf87f961eecfda8?s=96&d=mm&r=g","url":"https:\/\/secure.gravatar.com\/avatar\/912ba1de83c4475b871b9b8a259e744e73f252bfd3a806151bf87f961eecfda8?s=96&d=mm&r=g","contentUrl":"https:\/\/secure.gravatar.com\/avatar\/912ba1de83c4475b871b9b8a259e744e73f252bfd3a806151bf87f961eecfda8?s=96&d=mm&r=g","caption":"marketing-go"},"sameAs":["https:\/\/www.abgd.com.br\/portal"],"url":"https:\/\/www.abgd.com.br\/portal\/author\/marketing-go\/"}]}},"_links":{"self":[{"href":"https:\/\/www.abgd.com.br\/portal\/wp-json\/wp\/v2\/posts\/5512","targetHints":{"allow":["GET"]}}],"collection":[{"href":"https:\/\/www.abgd.com.br\/portal\/wp-json\/wp\/v2\/posts"}],"about":[{"href":"https:\/\/www.abgd.com.br\/portal\/wp-json\/wp\/v2\/types\/post"}],"author":[{"embeddable":true,"href":"https:\/\/www.abgd.com.br\/portal\/wp-json\/wp\/v2\/users\/1"}],"replies":[{"embeddable":true,"href":"https:\/\/www.abgd.com.br\/portal\/wp-json\/wp\/v2\/comments?post=5512"}],"version-history":[{"count":1,"href":"https:\/\/www.abgd.com.br\/portal\/wp-json\/wp\/v2\/posts\/5512\/revisions"}],"predecessor-version":[{"id":6096,"href":"https:\/\/www.abgd.com.br\/portal\/wp-json\/wp\/v2\/posts\/5512\/revisions\/6096"}],"wp:featuredmedia":[{"embeddable":true,"href":"https:\/\/www.abgd.com.br\/portal\/wp-json\/wp\/v2\/media\/6095"}],"wp:attachment":[{"href":"https:\/\/www.abgd.com.br\/portal\/wp-json\/wp\/v2\/media?parent=5512"}],"wp:term":[{"taxonomy":"category","embeddable":true,"href":"https:\/\/www.abgd.com.br\/portal\/wp-json\/wp\/v2\/categories?post=5512"},{"taxonomy":"post_tag","embeddable":true,"href":"https:\/\/www.abgd.com.br\/portal\/wp-json\/wp\/v2\/tags?post=5512"}],"curies":[{"name":"wp","href":"https:\/\/api.w.org\/{rel}","templated":true}]}}