{"id":5488,"date":"2024-06-06T11:30:40","date_gmt":"2024-06-06T14:30:40","guid":{"rendered":"https:\/\/www.abgd.com.br\/portal\/?p=5488"},"modified":"2025-10-29T10:50:45","modified_gmt":"2025-10-29T13:50:45","slug":"abgd-se-reune-com-secretaria-de-desenvolvimento-economico-de-mg","status":"publish","type":"post","link":"https:\/\/www.abgd.com.br\/portal\/abgd-se-reune-com-secretaria-de-desenvolvimento-economico-de-mg\/","title":{"rendered":"ABGD se re\u00fane com Secretaria de Desenvolvimento Econ\u00f4mico de MG para avan\u00e7ar na Gera\u00e7\u00e3o Distribu\u00edda"},"content":{"rendered":"<h2 data-start=\"154\" data-end=\"280\"><strong data-start=\"154\" data-end=\"278\">ABGD se re\u00fane com Secretaria de Desenvolvimento Econ\u00f4mico de Minas Gerais para tratar de desafios da Gera\u00e7\u00e3o Distribu\u00edda<\/strong><\/h2>\n<p data-start=\"282\" data-end=\"660\">Na quarta-feira (05), em Belo Horizonte (MG), a Associa\u00e7\u00e3o Brasileira de Gera\u00e7\u00e3o Distribu\u00edda (ABGD) realizou uma reuni\u00e3o estrat\u00e9gica com o secret\u00e1rio de Desenvolvimento Econ\u00f4mico de Minas Gerais, Fernando Passalia, com o objetivo de discutir solu\u00e7\u00f5es para os desafios enfrentados pelas empresas de Gera\u00e7\u00e3o Distribu\u00edda (GD) junto \u00e0 Companhia Energ\u00e9tica de Minas Gerais (CEMIG).<\/p>\n<p data-start=\"662\" data-end=\"889\">O encontro contou com a participa\u00e7\u00e3o da equipe da Secretaria de Desenvolvimento Econ\u00f4mico, da superintend\u00eancia de GD da CEMIG, do presidente da ABGD, do presidente do Conselho da ABGD e de diversos conselheiros da associa\u00e7\u00e3o.<\/p>\n<p data-start=\"891\" data-end=\"1191\">Durante a reuni\u00e3o, a ABGD apresentou um diagn\u00f3stico detalhado dos problemas recorrentes no setor, acompanhado de propostas pr\u00e1ticas para super\u00e1-los. Entre os t\u00f3picos discutidos estavam quest\u00f5es regulat\u00f3rias, procedimentos t\u00e9cnicos e desafios operacionais que impactam o crescimento da GD no estado.<\/p>\n<p data-start=\"1193\" data-end=\"1524\">O secret\u00e1rio Fernando Passalia demonstrou grande interesse nas solu\u00e7\u00f5es apresentadas e prop\u00f4s a cria\u00e7\u00e3o de um grupo de trabalho espec\u00edfico para tratar desses desafios. O grupo ser\u00e1 formado por representantes da ABGD, da Secretaria de Desenvolvimento Econ\u00f4mico e da CEMIG, com o objetivo de desenvolver a\u00e7\u00f5es concretas e efetivas.<\/p>\n<p data-start=\"1526\" data-end=\"1838\">&#8220;A reuni\u00e3o foi extremamente produtiva e representa um passo importante para melhorias no setor de Gera\u00e7\u00e3o Distribu\u00edda em Minas Gerais. Acreditamos que a colabora\u00e7\u00e3o entre todas as partes \u00e9 fundamental para superar os desafios e promover o crescimento sustent\u00e1vel da GD no estado&#8221;, afirmou o presidente da ABGD.<\/p>\n<p data-start=\"1840\" data-end=\"2059\">O presidente do Conselho da ABGD acrescentou: &#8220;Estamos comprometidos em trabalhar juntos para encontrar solu\u00e7\u00f5es que beneficiem todos os envolvidos e garantam um futuro promissor para a Gera\u00e7\u00e3o Distribu\u00edda no Brasil.&#8221;<\/p>\n<p data-start=\"2061\" data-end=\"2218\">A ABGD seguir\u00e1 atuando de forma ativa para representar os interesses de suas associadas e fomentar o desenvolvimento da Gera\u00e7\u00e3o Distribu\u00edda em todo o pa\u00eds.<\/p>\n<p><img fetchpriority=\"high\" decoding=\"async\" class=\"alignnone wp-image-5492 size-full\" src=\"https:\/\/www.abgd.com.br\/portal\/wp-content\/uploads\/2024\/06\/WhatsApp-Image-2024-06-06-at-10.45.13.jpeg\" alt=\"\" width=\"1600\" height=\"739\" \/><\/p>\n","protected":false},"excerpt":{"rendered":"<p>ABGD se re\u00fane com Secretaria de Desenvolvimento Econ\u00f4mico de Minas Gerais para tratar de desafios da Gera\u00e7\u00e3o Distribu\u00edda Na quarta-feira (05), em Belo Horizonte (MG), a Associa\u00e7\u00e3o Brasileira de Gera\u00e7\u00e3o Distribu\u00edda (ABGD) realizou uma reuni\u00e3o estrat\u00e9gica com o secret\u00e1rio de Desenvolvimento Econ\u00f4mico de Minas Gerais, Fernando Passalia, com o objetivo de discutir solu\u00e7\u00f5es para os [&hellip;]<\/p>\n","protected":false},"author":1,"featured_media":6099,"comment_status":"open","ping_status":"open","sticky":false,"template":"","format":"standard","meta":{"_acf_changed":false,"_monsterinsights_skip_tracking":false,"_monsterinsights_sitenote_active":false,"_monsterinsights_sitenote_note":"","_monsterinsights_sitenote_category":0,"footnotes":""},"categories":[6],"tags":[],"class_list":["post-5488","post","type-post","status-publish","format-standard","has-post-thumbnail","hentry","category-noticias"],"acf":[],"yoast_head":"<!-- This site is optimized with the Yoast SEO plugin v27.2 - https:\/\/yoast.com\/product\/yoast-seo-wordpress\/ -->\n<title>ABGD se re\u00fane com Secretaria de Desenvolvimento Econ\u00f4mico - ABGD<\/title>\n<meta name=\"description\" content=\"A ABGD se reuniu com a Secretaria de Desenvolvimento Econ\u00f4mico de Minas Gerais para discutir solu\u00e7\u00f5es e superar desafios da GD.\" \/>\n<meta name=\"robots\" content=\"index, follow, max-snippet:-1, max-image-preview:large, max-video-preview:-1\" \/>\n<link rel=\"canonical\" href=\"https:\/\/www.abgd.com.br\/portal\/abgd-se-reune-com-secretaria-de-desenvolvimento-economico-de-mg\/\" \/>\n<meta property=\"og:locale\" content=\"pt_BR\" \/>\n<meta property=\"og:type\" content=\"article\" \/>\n<meta property=\"og:title\" content=\"ABGD se re\u00fane com Secretaria de Desenvolvimento Econ\u00f4mico - ABGD\" \/>\n<meta property=\"og:description\" content=\"A ABGD se reuniu com a Secretaria de Desenvolvimento Econ\u00f4mico de Minas Gerais para discutir solu\u00e7\u00f5es e superar desafios da GD.\" \/>\n<meta property=\"og:url\" content=\"https:\/\/www.abgd.com.br\/portal\/abgd-se-reune-com-secretaria-de-desenvolvimento-economico-de-mg\/\" \/>\n<meta property=\"og:site_name\" content=\"ABGD\" \/>\n<meta property=\"article:publisher\" content=\"https:\/\/www.facebook.com\/Abgdbrasil\" \/>\n<meta property=\"article:published_time\" content=\"2024-06-06T14:30:40+00:00\" \/>\n<meta property=\"article:modified_time\" content=\"2025-10-29T13:50:45+00:00\" \/>\n<meta property=\"og:image\" content=\"https:\/\/www.abgd.com.br\/portal\/wp-content\/uploads\/2024\/06\/ABGD-Realiza-Reuniao-Produtiva-com-Secretaria-de-Desenvolvimento-Economico-de-MG-para-Resolver-Problemas-da-GD-com-a-CEMIG.webp\" \/>\n\t<meta property=\"og:image:width\" content=\"1600\" \/>\n\t<meta property=\"og:image:height\" content=\"739\" \/>\n\t<meta property=\"og:image:type\" content=\"image\/webp\" \/>\n<meta name=\"author\" content=\"marketing-go\" \/>\n<meta name=\"twitter:card\" content=\"summary_large_image\" \/>\n<meta name=\"twitter:label1\" content=\"Escrito por\" \/>\n\t<meta name=\"twitter:data1\" content=\"marketing-go\" \/>\n\t<meta name=\"twitter:label2\" content=\"Est. tempo de leitura\" \/>\n\t<meta name=\"twitter:data2\" content=\"3 minutos\" \/>\n<script type=\"application\/ld+json\" class=\"yoast-schema-graph\">{\"@context\":\"https:\/\/schema.org\",\"@graph\":[{\"@type\":\"Article\",\"@id\":\"https:\/\/www.abgd.com.br\/portal\/abgd-se-reune-com-secretaria-de-desenvolvimento-economico-de-mg\/#article\",\"isPartOf\":{\"@id\":\"https:\/\/www.abgd.com.br\/portal\/abgd-se-reune-com-secretaria-de-desenvolvimento-economico-de-mg\/\"},\"author\":{\"name\":\"marketing-go\",\"@id\":\"https:\/\/www.abgd.com.br\/portal\/#\/schema\/person\/9cd8d7f269f319517f064de637cc7091\"},\"headline\":\"ABGD se re\u00fane com Secretaria de Desenvolvimento Econ\u00f4mico de MG para avan\u00e7ar na Gera\u00e7\u00e3o Distribu\u00edda\",\"datePublished\":\"2024-06-06T14:30:40+00:00\",\"dateModified\":\"2025-10-29T13:50:45+00:00\",\"mainEntityOfPage\":{\"@id\":\"https:\/\/www.abgd.com.br\/portal\/abgd-se-reune-com-secretaria-de-desenvolvimento-economico-de-mg\/\"},\"wordCount\":361,\"commentCount\":0,\"publisher\":{\"@id\":\"https:\/\/www.abgd.com.br\/portal\/#organization\"},\"image\":{\"@id\":\"https:\/\/www.abgd.com.br\/portal\/abgd-se-reune-com-secretaria-de-desenvolvimento-economico-de-mg\/#primaryimage\"},\"thumbnailUrl\":\"https:\/\/www.abgd.com.br\/portal\/wp-content\/uploads\/2024\/06\/ABGD-Realiza-Reuniao-Produtiva-com-Secretaria-de-Desenvolvimento-Economico-de-MG-para-Resolver-Problemas-da-GD-com-a-CEMIG.webp\",\"articleSection\":[\"Not\u00edcias\"],\"inLanguage\":\"pt-BR\",\"potentialAction\":[{\"@type\":\"CommentAction\",\"name\":\"Comment\",\"target\":[\"https:\/\/www.abgd.com.br\/portal\/abgd-se-reune-com-secretaria-de-desenvolvimento-economico-de-mg\/#respond\"]}]},{\"@type\":\"WebPage\",\"@id\":\"https:\/\/www.abgd.com.br\/portal\/abgd-se-reune-com-secretaria-de-desenvolvimento-economico-de-mg\/\",\"url\":\"https:\/\/www.abgd.com.br\/portal\/abgd-se-reune-com-secretaria-de-desenvolvimento-economico-de-mg\/\",\"name\":\"ABGD se re\u00fane com Secretaria de Desenvolvimento Econ\u00f4mico - ABGD\",\"isPartOf\":{\"@id\":\"https:\/\/www.abgd.com.br\/portal\/#website\"},\"primaryImageOfPage\":{\"@id\":\"https:\/\/www.abgd.com.br\/portal\/abgd-se-reune-com-secretaria-de-desenvolvimento-economico-de-mg\/#primaryimage\"},\"image\":{\"@id\":\"https:\/\/www.abgd.com.br\/portal\/abgd-se-reune-com-secretaria-de-desenvolvimento-economico-de-mg\/#primaryimage\"},\"thumbnailUrl\":\"https:\/\/www.abgd.com.br\/portal\/wp-content\/uploads\/2024\/06\/ABGD-Realiza-Reuniao-Produtiva-com-Secretaria-de-Desenvolvimento-Economico-de-MG-para-Resolver-Problemas-da-GD-com-a-CEMIG.webp\",\"datePublished\":\"2024-06-06T14:30:40+00:00\",\"dateModified\":\"2025-10-29T13:50:45+00:00\",\"description\":\"A ABGD se reuniu com a Secretaria de Desenvolvimento Econ\u00f4mico de Minas Gerais para discutir solu\u00e7\u00f5es e superar desafios da GD.\",\"breadcrumb\":{\"@id\":\"https:\/\/www.abgd.com.br\/portal\/abgd-se-reune-com-secretaria-de-desenvolvimento-economico-de-mg\/#breadcrumb\"},\"inLanguage\":\"pt-BR\",\"potentialAction\":[{\"@type\":\"ReadAction\",\"target\":[\"https:\/\/www.abgd.com.br\/portal\/abgd-se-reune-com-secretaria-de-desenvolvimento-economico-de-mg\/\"]}]},{\"@type\":\"ImageObject\",\"inLanguage\":\"pt-BR\",\"@id\":\"https:\/\/www.abgd.com.br\/portal\/abgd-se-reune-com-secretaria-de-desenvolvimento-economico-de-mg\/#primaryimage\",\"url\":\"https:\/\/www.abgd.com.br\/portal\/wp-content\/uploads\/2024\/06\/ABGD-Realiza-Reuniao-Produtiva-com-Secretaria-de-Desenvolvimento-Economico-de-MG-para-Resolver-Problemas-da-GD-com-a-CEMIG.webp\",\"contentUrl\":\"https:\/\/www.abgd.com.br\/portal\/wp-content\/uploads\/2024\/06\/ABGD-Realiza-Reuniao-Produtiva-com-Secretaria-de-Desenvolvimento-Economico-de-MG-para-Resolver-Problemas-da-GD-com-a-CEMIG.webp\",\"width\":1600,\"height\":739,\"caption\":\"Secretaria de Desenvolvimento Econ\u00f4mico\"},{\"@type\":\"BreadcrumbList\",\"@id\":\"https:\/\/www.abgd.com.br\/portal\/abgd-se-reune-com-secretaria-de-desenvolvimento-economico-de-mg\/#breadcrumb\",\"itemListElement\":[{\"@type\":\"ListItem\",\"position\":1,\"name\":\"In\u00edcio\",\"item\":\"https:\/\/www.abgd.com.br\/portal\/\"},{\"@type\":\"ListItem\",\"position\":2,\"name\":\"ABGD se re\u00fane com Secretaria de Desenvolvimento Econ\u00f4mico de MG para avan\u00e7ar na Gera\u00e7\u00e3o Distribu\u00edda\"}]},{\"@type\":\"WebSite\",\"@id\":\"https:\/\/www.abgd.com.br\/portal\/#website\",\"url\":\"https:\/\/www.abgd.com.br\/portal\/\",\"name\":\"ABGD\",\"description\":\"\",\"publisher\":{\"@id\":\"https:\/\/www.abgd.com.br\/portal\/#organization\"},\"potentialAction\":[{\"@type\":\"SearchAction\",\"target\":{\"@type\":\"EntryPoint\",\"urlTemplate\":\"https:\/\/www.abgd.com.br\/portal\/?s={search_term_string}\"},\"query-input\":{\"@type\":\"PropertyValueSpecification\",\"valueRequired\":true,\"valueName\":\"search_term_string\"}}],\"inLanguage\":\"pt-BR\"},{\"@type\":\"Organization\",\"@id\":\"https:\/\/www.abgd.com.br\/portal\/#organization\",\"name\":\"ABGD\",\"url\":\"https:\/\/www.abgd.com.br\/portal\/\",\"logo\":{\"@type\":\"ImageObject\",\"inLanguage\":\"pt-BR\",\"@id\":\"https:\/\/www.abgd.com.br\/portal\/#\/schema\/logo\/image\/\",\"url\":\"https:\/\/www.abgd.com.br\/portal\/wp-content\/uploads\/2025\/09\/ABGD-AZUL.webp\",\"contentUrl\":\"https:\/\/www.abgd.com.br\/portal\/wp-content\/uploads\/2025\/09\/ABGD-AZUL.webp\",\"width\":641,\"height\":219,\"caption\":\"ABGD\"},\"image\":{\"@id\":\"https:\/\/www.abgd.com.br\/portal\/#\/schema\/logo\/image\/\"},\"sameAs\":[\"https:\/\/www.facebook.com\/Abgdbrasil\",\"https:\/\/www.instagram.com\/abgd_oficial\/\",\"https:\/\/www.linkedin.com\/company\/abgd\/\",\"https:\/\/www.youtube.com\/@ABGDoficial\"]},{\"@type\":\"Person\",\"@id\":\"https:\/\/www.abgd.com.br\/portal\/#\/schema\/person\/9cd8d7f269f319517f064de637cc7091\",\"name\":\"marketing-go\",\"image\":{\"@type\":\"ImageObject\",\"inLanguage\":\"pt-BR\",\"@id\":\"https:\/\/secure.gravatar.com\/avatar\/912ba1de83c4475b871b9b8a259e744e73f252bfd3a806151bf87f961eecfda8?s=96&d=mm&r=g\",\"url\":\"https:\/\/secure.gravatar.com\/avatar\/912ba1de83c4475b871b9b8a259e744e73f252bfd3a806151bf87f961eecfda8?s=96&d=mm&r=g\",\"contentUrl\":\"https:\/\/secure.gravatar.com\/avatar\/912ba1de83c4475b871b9b8a259e744e73f252bfd3a806151bf87f961eecfda8?s=96&d=mm&r=g\",\"caption\":\"marketing-go\"},\"sameAs\":[\"https:\/\/www.abgd.com.br\/portal\"],\"url\":\"https:\/\/www.abgd.com.br\/portal\/author\/marketing-go\/\"}]}<\/script>\n<!-- \/ Yoast SEO plugin. -->","yoast_head_json":{"title":"ABGD se re\u00fane com Secretaria de Desenvolvimento Econ\u00f4mico - ABGD","description":"A ABGD se reuniu com a Secretaria de Desenvolvimento Econ\u00f4mico de Minas Gerais para discutir solu\u00e7\u00f5es e superar desafios da GD.","robots":{"index":"index","follow":"follow","max-snippet":"max-snippet:-1","max-image-preview":"max-image-preview:large","max-video-preview":"max-video-preview:-1"},"canonical":"https:\/\/www.abgd.com.br\/portal\/abgd-se-reune-com-secretaria-de-desenvolvimento-economico-de-mg\/","og_locale":"pt_BR","og_type":"article","og_title":"ABGD se re\u00fane com Secretaria de Desenvolvimento Econ\u00f4mico - ABGD","og_description":"A ABGD se reuniu com a Secretaria de Desenvolvimento Econ\u00f4mico de Minas Gerais para discutir solu\u00e7\u00f5es e superar desafios da GD.","og_url":"https:\/\/www.abgd.com.br\/portal\/abgd-se-reune-com-secretaria-de-desenvolvimento-economico-de-mg\/","og_site_name":"ABGD","article_publisher":"https:\/\/www.facebook.com\/Abgdbrasil","article_published_time":"2024-06-06T14:30:40+00:00","article_modified_time":"2025-10-29T13:50:45+00:00","og_image":[{"width":1600,"height":739,"url":"https:\/\/www.abgd.com.br\/portal\/wp-content\/uploads\/2024\/06\/ABGD-Realiza-Reuniao-Produtiva-com-Secretaria-de-Desenvolvimento-Economico-de-MG-para-Resolver-Problemas-da-GD-com-a-CEMIG.webp","type":"image\/webp"}],"author":"marketing-go","twitter_card":"summary_large_image","twitter_misc":{"Escrito por":"marketing-go","Est. tempo de leitura":"3 minutos"},"schema":{"@context":"https:\/\/schema.org","@graph":[{"@type":"Article","@id":"https:\/\/www.abgd.com.br\/portal\/abgd-se-reune-com-secretaria-de-desenvolvimento-economico-de-mg\/#article","isPartOf":{"@id":"https:\/\/www.abgd.com.br\/portal\/abgd-se-reune-com-secretaria-de-desenvolvimento-economico-de-mg\/"},"author":{"name":"marketing-go","@id":"https:\/\/www.abgd.com.br\/portal\/#\/schema\/person\/9cd8d7f269f319517f064de637cc7091"},"headline":"ABGD se re\u00fane com Secretaria de Desenvolvimento Econ\u00f4mico de MG para avan\u00e7ar na Gera\u00e7\u00e3o Distribu\u00edda","datePublished":"2024-06-06T14:30:40+00:00","dateModified":"2025-10-29T13:50:45+00:00","mainEntityOfPage":{"@id":"https:\/\/www.abgd.com.br\/portal\/abgd-se-reune-com-secretaria-de-desenvolvimento-economico-de-mg\/"},"wordCount":361,"commentCount":0,"publisher":{"@id":"https:\/\/www.abgd.com.br\/portal\/#organization"},"image":{"@id":"https:\/\/www.abgd.com.br\/portal\/abgd-se-reune-com-secretaria-de-desenvolvimento-economico-de-mg\/#primaryimage"},"thumbnailUrl":"https:\/\/www.abgd.com.br\/portal\/wp-content\/uploads\/2024\/06\/ABGD-Realiza-Reuniao-Produtiva-com-Secretaria-de-Desenvolvimento-Economico-de-MG-para-Resolver-Problemas-da-GD-com-a-CEMIG.webp","articleSection":["Not\u00edcias"],"inLanguage":"pt-BR","potentialAction":[{"@type":"CommentAction","name":"Comment","target":["https:\/\/www.abgd.com.br\/portal\/abgd-se-reune-com-secretaria-de-desenvolvimento-economico-de-mg\/#respond"]}]},{"@type":"WebPage","@id":"https:\/\/www.abgd.com.br\/portal\/abgd-se-reune-com-secretaria-de-desenvolvimento-economico-de-mg\/","url":"https:\/\/www.abgd.com.br\/portal\/abgd-se-reune-com-secretaria-de-desenvolvimento-economico-de-mg\/","name":"ABGD se re\u00fane com Secretaria de Desenvolvimento Econ\u00f4mico - ABGD","isPartOf":{"@id":"https:\/\/www.abgd.com.br\/portal\/#website"},"primaryImageOfPage":{"@id":"https:\/\/www.abgd.com.br\/portal\/abgd-se-reune-com-secretaria-de-desenvolvimento-economico-de-mg\/#primaryimage"},"image":{"@id":"https:\/\/www.abgd.com.br\/portal\/abgd-se-reune-com-secretaria-de-desenvolvimento-economico-de-mg\/#primaryimage"},"thumbnailUrl":"https:\/\/www.abgd.com.br\/portal\/wp-content\/uploads\/2024\/06\/ABGD-Realiza-Reuniao-Produtiva-com-Secretaria-de-Desenvolvimento-Economico-de-MG-para-Resolver-Problemas-da-GD-com-a-CEMIG.webp","datePublished":"2024-06-06T14:30:40+00:00","dateModified":"2025-10-29T13:50:45+00:00","description":"A ABGD se reuniu com a Secretaria de Desenvolvimento Econ\u00f4mico de Minas Gerais para discutir solu\u00e7\u00f5es e superar desafios da GD.","breadcrumb":{"@id":"https:\/\/www.abgd.com.br\/portal\/abgd-se-reune-com-secretaria-de-desenvolvimento-economico-de-mg\/#breadcrumb"},"inLanguage":"pt-BR","potentialAction":[{"@type":"ReadAction","target":["https:\/\/www.abgd.com.br\/portal\/abgd-se-reune-com-secretaria-de-desenvolvimento-economico-de-mg\/"]}]},{"@type":"ImageObject","inLanguage":"pt-BR","@id":"https:\/\/www.abgd.com.br\/portal\/abgd-se-reune-com-secretaria-de-desenvolvimento-economico-de-mg\/#primaryimage","url":"https:\/\/www.abgd.com.br\/portal\/wp-content\/uploads\/2024\/06\/ABGD-Realiza-Reuniao-Produtiva-com-Secretaria-de-Desenvolvimento-Economico-de-MG-para-Resolver-Problemas-da-GD-com-a-CEMIG.webp","contentUrl":"https:\/\/www.abgd.com.br\/portal\/wp-content\/uploads\/2024\/06\/ABGD-Realiza-Reuniao-Produtiva-com-Secretaria-de-Desenvolvimento-Economico-de-MG-para-Resolver-Problemas-da-GD-com-a-CEMIG.webp","width":1600,"height":739,"caption":"Secretaria de Desenvolvimento Econ\u00f4mico"},{"@type":"BreadcrumbList","@id":"https:\/\/www.abgd.com.br\/portal\/abgd-se-reune-com-secretaria-de-desenvolvimento-economico-de-mg\/#breadcrumb","itemListElement":[{"@type":"ListItem","position":1,"name":"In\u00edcio","item":"https:\/\/www.abgd.com.br\/portal\/"},{"@type":"ListItem","position":2,"name":"ABGD se re\u00fane com Secretaria de Desenvolvimento Econ\u00f4mico de MG para avan\u00e7ar na Gera\u00e7\u00e3o Distribu\u00edda"}]},{"@type":"WebSite","@id":"https:\/\/www.abgd.com.br\/portal\/#website","url":"https:\/\/www.abgd.com.br\/portal\/","name":"ABGD","description":"","publisher":{"@id":"https:\/\/www.abgd.com.br\/portal\/#organization"},"potentialAction":[{"@type":"SearchAction","target":{"@type":"EntryPoint","urlTemplate":"https:\/\/www.abgd.com.br\/portal\/?s={search_term_string}"},"query-input":{"@type":"PropertyValueSpecification","valueRequired":true,"valueName":"search_term_string"}}],"inLanguage":"pt-BR"},{"@type":"Organization","@id":"https:\/\/www.abgd.com.br\/portal\/#organization","name":"ABGD","url":"https:\/\/www.abgd.com.br\/portal\/","logo":{"@type":"ImageObject","inLanguage":"pt-BR","@id":"https:\/\/www.abgd.com.br\/portal\/#\/schema\/logo\/image\/","url":"https:\/\/www.abgd.com.br\/portal\/wp-content\/uploads\/2025\/09\/ABGD-AZUL.webp","contentUrl":"https:\/\/www.abgd.com.br\/portal\/wp-content\/uploads\/2025\/09\/ABGD-AZUL.webp","width":641,"height":219,"caption":"ABGD"},"image":{"@id":"https:\/\/www.abgd.com.br\/portal\/#\/schema\/logo\/image\/"},"sameAs":["https:\/\/www.facebook.com\/Abgdbrasil","https:\/\/www.instagram.com\/abgd_oficial\/","https:\/\/www.linkedin.com\/company\/abgd\/","https:\/\/www.youtube.com\/@ABGDoficial"]},{"@type":"Person","@id":"https:\/\/www.abgd.com.br\/portal\/#\/schema\/person\/9cd8d7f269f319517f064de637cc7091","name":"marketing-go","image":{"@type":"ImageObject","inLanguage":"pt-BR","@id":"https:\/\/secure.gravatar.com\/avatar\/912ba1de83c4475b871b9b8a259e744e73f252bfd3a806151bf87f961eecfda8?s=96&d=mm&r=g","url":"https:\/\/secure.gravatar.com\/avatar\/912ba1de83c4475b871b9b8a259e744e73f252bfd3a806151bf87f961eecfda8?s=96&d=mm&r=g","contentUrl":"https:\/\/secure.gravatar.com\/avatar\/912ba1de83c4475b871b9b8a259e744e73f252bfd3a806151bf87f961eecfda8?s=96&d=mm&r=g","caption":"marketing-go"},"sameAs":["https:\/\/www.abgd.com.br\/portal"],"url":"https:\/\/www.abgd.com.br\/portal\/author\/marketing-go\/"}]}},"_links":{"self":[{"href":"https:\/\/www.abgd.com.br\/portal\/wp-json\/wp\/v2\/posts\/5488","targetHints":{"allow":["GET"]}}],"collection":[{"href":"https:\/\/www.abgd.com.br\/portal\/wp-json\/wp\/v2\/posts"}],"about":[{"href":"https:\/\/www.abgd.com.br\/portal\/wp-json\/wp\/v2\/types\/post"}],"author":[{"embeddable":true,"href":"https:\/\/www.abgd.com.br\/portal\/wp-json\/wp\/v2\/users\/1"}],"replies":[{"embeddable":true,"href":"https:\/\/www.abgd.com.br\/portal\/wp-json\/wp\/v2\/comments?post=5488"}],"version-history":[{"count":3,"href":"https:\/\/www.abgd.com.br\/portal\/wp-json\/wp\/v2\/posts\/5488\/revisions"}],"predecessor-version":[{"id":7487,"href":"https:\/\/www.abgd.com.br\/portal\/wp-json\/wp\/v2\/posts\/5488\/revisions\/7487"}],"wp:featuredmedia":[{"embeddable":true,"href":"https:\/\/www.abgd.com.br\/portal\/wp-json\/wp\/v2\/media\/6099"}],"wp:attachment":[{"href":"https:\/\/www.abgd.com.br\/portal\/wp-json\/wp\/v2\/media?parent=5488"}],"wp:term":[{"taxonomy":"category","embeddable":true,"href":"https:\/\/www.abgd.com.br\/portal\/wp-json\/wp\/v2\/categories?post=5488"},{"taxonomy":"post_tag","embeddable":true,"href":"https:\/\/www.abgd.com.br\/portal\/wp-json\/wp\/v2\/tags?post=5488"}],"curies":[{"name":"wp","href":"https:\/\/api.w.org\/{rel}","templated":true}]}}